{"id":799,"date":"2019-04-18T19:23:19","date_gmt":"2019-04-18T17:23:19","guid":{"rendered":"http:\/\/www.caumont.com\/?p=799"},"modified":"2021-04-28T12:32:42","modified_gmt":"2021-04-28T10:32:42","slug":"exposition-avec-la-galerie-louis-dargenville-a-lausanne-art-fair-du-2-au-5-mai-2019","status":"publish","type":"post","link":"https:\/\/www.caumont.com\/index.php\/2019\/04\/18\/exposition-avec-la-galerie-louis-dargenville-a-lausanne-art-fair-du-2-au-5-mai-2019\/","title":{"rendered":"Exposition avec la Galerie Louis d&rsquo;Argenville \u00e0 Lausanne Art Fair du 2 au 5 mai 2019"},"content":{"rendered":"<p>La galerie Louis d&rsquo;Argenville pr\u00e9sente six sculptures au Lausanne Art Fair<br \/>\nStand 39A .<\/p>\n<p>Expo Beaulieu Lausanne , Avenue Berg\u00e8res 10 &#8211; 1004 Lausanne<\/p>\n","protected":false},"excerpt":{"rendered":"<p>La galerie Louis d&rsquo;Argenville pr\u00e9sente six sculptures au Lausanne Art Fair Stand 39A . Expo Beaulieu Lausanne , Avenue Berg\u00e8res 10 &#8211; 1004 Lausanne<\/p>\n","protected":false},"author":1,"featured_media":800,"comment_status":"open","ping_status":"open","sticky":false,"template":"","format":"standard","meta":{"footnotes":""},"categories":[40],"tags":[13],"yoast_head":"<!-- This site is optimized with the Yoast SEO plugin v21.7 - https:\/\/yoast.com\/wordpress\/plugins\/seo\/ -->\n<title>Exposition avec la Galerie Louis d&#039;Argenville \u00e0 Lausanne Art Fair du 2 au 5 mai 2019 - Liliane Caumont<\/title>\n<meta name=\"robots\" content=\"index, follow, max-snippet:-1, max-image-preview:large, max-video-preview:-1\" \/>\n<link rel=\"canonical\" href=\"https:\/\/www.caumont.com\/index.php\/2019\/04\/18\/exposition-avec-la-galerie-louis-dargenville-a-lausanne-art-fair-du-2-au-5-mai-2019\/\" \/>\n<meta property=\"og:locale\" content=\"fr_FR\" \/>\n<meta property=\"og:type\" content=\"article\" \/>\n<meta property=\"og:title\" content=\"Exposition avec la Galerie Louis d&#039;Argenville \u00e0 Lausanne Art Fair du 2 au 5 mai 2019 - Liliane Caumont\" \/>\n<meta property=\"og:description\" content=\"La galerie Louis d&rsquo;Argenville pr\u00e9sente six sculptures au Lausanne Art Fair Stand 39A . Expo Beaulieu Lausanne , Avenue Berg\u00e8res 10 &#8211; 1004 Lausanne\" \/>\n<meta property=\"og:url\" content=\"https:\/\/www.caumont.com\/index.php\/2019\/04\/18\/exposition-avec-la-galerie-louis-dargenville-a-lausanne-art-fair-du-2-au-5-mai-2019\/\" \/>\n<meta property=\"og:site_name\" content=\"Liliane Caumont\" \/>\n<meta property=\"article:publisher\" content=\"https:\/\/www.facebook.com\/lilianecaumont\" \/>\n<meta property=\"article:published_time\" content=\"2019-04-18T17:23:19+00:00\" \/>\n<meta property=\"article:modified_time\" content=\"2021-04-28T10:32:42+00:00\" \/>\n<meta property=\"og:image\" content=\"https:\/\/www.caumont.com\/wp-content\/uploads\/2019\/04\/le-m\u00e2t-de-cocagne.jpg\" \/>\n\t<meta property=\"og:image:width\" content=\"2362\" \/>\n\t<meta property=\"og:image:height\" content=\"3543\" \/>\n\t<meta property=\"og:image:type\" content=\"image\/jpeg\" \/>\n<meta name=\"author\" content=\"Liliane\" \/>\n<meta name=\"twitter:card\" content=\"summary_large_image\" \/>\n<meta name=\"twitter:label1\" content=\"\u00c9crit par\" \/>\n\t<meta name=\"twitter:data1\" content=\"Liliane\" \/>\n<script type=\"application\/ld+json\" class=\"yoast-schema-graph\">{\"@context\":\"https:\/\/schema.org\",\"@graph\":[{\"@type\":\"Article\",\"@id\":\"https:\/\/www.caumont.com\/index.php\/2019\/04\/18\/exposition-avec-la-galerie-louis-dargenville-a-lausanne-art-fair-du-2-au-5-mai-2019\/#article\",\"isPartOf\":{\"@id\":\"https:\/\/www.caumont.com\/index.php\/2019\/04\/18\/exposition-avec-la-galerie-louis-dargenville-a-lausanne-art-fair-du-2-au-5-mai-2019\/\"},\"author\":{\"name\":\"Liliane\",\"@id\":\"https:\/\/www.caumont.com\/#\/schema\/person\/864cfdc4e071d73c29fa86875dfa836c\"},\"headline\":\"Exposition avec la Galerie Louis d&rsquo;Argenville \u00e0 Lausanne Art Fair du 2 au 5 mai 2019\",\"datePublished\":\"2019-04-18T17:23:19+00:00\",\"dateModified\":\"2021-04-28T10:32:42+00:00\",\"mainEntityOfPage\":{\"@id\":\"https:\/\/www.caumont.com\/index.php\/2019\/04\/18\/exposition-avec-la-galerie-louis-dargenville-a-lausanne-art-fair-du-2-au-5-mai-2019\/\"},\"wordCount\":34,\"commentCount\":0,\"publisher\":{\"@id\":\"https:\/\/www.caumont.com\/#organization\"},\"keywords\":[\"BLOG\"],\"articleSection\":[\"expositions\"],\"inLanguage\":\"fr-FR\",\"potentialAction\":[{\"@type\":\"CommentAction\",\"name\":\"Comment\",\"target\":[\"https:\/\/www.caumont.com\/index.php\/2019\/04\/18\/exposition-avec-la-galerie-louis-dargenville-a-lausanne-art-fair-du-2-au-5-mai-2019\/#respond\"]}]},{\"@type\":\"WebPage\",\"@id\":\"https:\/\/www.caumont.com\/index.php\/2019\/04\/18\/exposition-avec-la-galerie-louis-dargenville-a-lausanne-art-fair-du-2-au-5-mai-2019\/\",\"url\":\"https:\/\/www.caumont.com\/index.php\/2019\/04\/18\/exposition-avec-la-galerie-louis-dargenville-a-lausanne-art-fair-du-2-au-5-mai-2019\/\",\"name\":\"Exposition avec la Galerie Louis d'Argenville \u00e0 Lausanne Art Fair du 2 au 5 mai 2019 - Liliane Caumont\",\"isPartOf\":{\"@id\":\"https:\/\/www.caumont.com\/#website\"},\"datePublished\":\"2019-04-18T17:23:19+00:00\",\"dateModified\":\"2021-04-28T10:32:42+00:00\",\"breadcrumb\":{\"@id\":\"https:\/\/www.caumont.com\/index.php\/2019\/04\/18\/exposition-avec-la-galerie-louis-dargenville-a-lausanne-art-fair-du-2-au-5-mai-2019\/#breadcrumb\"},\"inLanguage\":\"fr-FR\",\"potentialAction\":[{\"@type\":\"ReadAction\",\"target\":[\"https:\/\/www.caumont.com\/index.php\/2019\/04\/18\/exposition-avec-la-galerie-louis-dargenville-a-lausanne-art-fair-du-2-au-5-mai-2019\/\"]}]},{\"@type\":\"BreadcrumbList\",\"@id\":\"https:\/\/www.caumont.com\/index.php\/2019\/04\/18\/exposition-avec-la-galerie-louis-dargenville-a-lausanne-art-fair-du-2-au-5-mai-2019\/#breadcrumb\",\"itemListElement\":[{\"@type\":\"ListItem\",\"position\":1,\"name\":\"Accueil\",\"item\":\"https:\/\/www.caumont.com\/\"},{\"@type\":\"ListItem\",\"position\":2,\"name\":\"Exposition avec la Galerie Louis d&rsquo;Argenville \u00e0 Lausanne Art Fair du 2 au 5 mai 2019\"}]},{\"@type\":\"WebSite\",\"@id\":\"https:\/\/www.caumont.com\/#website\",\"url\":\"https:\/\/www.caumont.com\/\",\"name\":\"Liliane Caumont\",\"description\":\"Sculptor\",\"publisher\":{\"@id\":\"https:\/\/www.caumont.com\/#organization\"},\"potentialAction\":[{\"@type\":\"SearchAction\",\"target\":{\"@type\":\"EntryPoint\",\"urlTemplate\":\"https:\/\/www.caumont.com\/?s={search_term_string}\"},\"query-input\":\"required name=search_term_string\"}],\"inLanguage\":\"fr-FR\"},{\"@type\":\"Organization\",\"@id\":\"https:\/\/www.caumont.com\/#organization\",\"name\":\"Liliane Caumont\",\"url\":\"https:\/\/www.caumont.com\/\",\"logo\":{\"@type\":\"ImageObject\",\"inLanguage\":\"fr-FR\",\"@id\":\"https:\/\/www.caumont.com\/#\/schema\/logo\/image\/\",\"url\":\"https:\/\/www.caumont.com\/wp-content\/uploads\/2018\/03\/FAVlili.png\",\"contentUrl\":\"https:\/\/www.caumont.com\/wp-content\/uploads\/2018\/03\/FAVlili.png\",\"width\":501,\"height\":512,\"caption\":\"Liliane Caumont\"},\"image\":{\"@id\":\"https:\/\/www.caumont.com\/#\/schema\/logo\/image\/\"},\"sameAs\":[\"https:\/\/www.facebook.com\/lilianecaumont\",\"https:\/\/www.instagram.com\/lilianecaumont\/\"]},{\"@type\":\"Person\",\"@id\":\"https:\/\/www.caumont.com\/#\/schema\/person\/864cfdc4e071d73c29fa86875dfa836c\",\"name\":\"Liliane\",\"image\":{\"@type\":\"ImageObject\",\"inLanguage\":\"fr-FR\",\"@id\":\"https:\/\/www.caumont.com\/#\/schema\/person\/image\/\",\"url\":\"https:\/\/secure.gravatar.com\/avatar\/44f9865a1ef48c7fafac077e66fdbd20?s=96&d=mm&r=g\",\"contentUrl\":\"https:\/\/secure.gravatar.com\/avatar\/44f9865a1ef48c7fafac077e66fdbd20?s=96&d=mm&r=g\",\"caption\":\"Liliane\"},\"description\":\"1972 . Liliane Caumont quitte Paris pour Madrid, puissante source d'inspiration et d\u00e9but d'une carri\u00e8re de sculptrice qui lui fera parcourir le monde et conna\u00eetre de la simple galerie d'art au Grand Palais de Paris o\u00f9 elle sera invit\u00e9e d'honneur. Son art a \u00e9volu\u00e9 de l'abstrait vers le figuratif, aussi, de la terre vers le bronze ; \u00e0 travers elle, l'\u00e9vocation de la place, du statut de la femme dans le monde interpelle dans la mise en sc\u00e8ne de ses personnages.\",\"sameAs\":[\"http:\/\/www.caumont.com\"],\"url\":\"https:\/\/www.caumont.com\/index.php\/author\/liliane\/\"}]}<\/script>\n<!-- \/ Yoast SEO plugin. -->","yoast_head_json":{"title":"Exposition avec la Galerie Louis d'Argenville \u00e0 Lausanne Art Fair du 2 au 5 mai 2019 - Liliane Caumont","robots":{"index":"index","follow":"follow","max-snippet":"max-snippet:-1","max-image-preview":"max-image-preview:large","max-video-preview":"max-video-preview:-1"},"canonical":"https:\/\/www.caumont.com\/index.php\/2019\/04\/18\/exposition-avec-la-galerie-louis-dargenville-a-lausanne-art-fair-du-2-au-5-mai-2019\/","og_locale":"fr_FR","og_type":"article","og_title":"Exposition avec la Galerie Louis d'Argenville \u00e0 Lausanne Art Fair du 2 au 5 mai 2019 - Liliane Caumont","og_description":"La galerie Louis d&rsquo;Argenville pr\u00e9sente six sculptures au Lausanne Art Fair Stand 39A . Expo Beaulieu Lausanne , Avenue Berg\u00e8res 10 &#8211; 1004 Lausanne","og_url":"https:\/\/www.caumont.com\/index.php\/2019\/04\/18\/exposition-avec-la-galerie-louis-dargenville-a-lausanne-art-fair-du-2-au-5-mai-2019\/","og_site_name":"Liliane Caumont","article_publisher":"https:\/\/www.facebook.com\/lilianecaumont","article_published_time":"2019-04-18T17:23:19+00:00","article_modified_time":"2021-04-28T10:32:42+00:00","og_image":[{"width":2362,"height":3543,"url":"https:\/\/www.caumont.com\/wp-content\/uploads\/2019\/04\/le-m\u00e2t-de-cocagne.jpg","type":"image\/jpeg"}],"author":"Liliane","twitter_card":"summary_large_image","twitter_misc":{"\u00c9crit par":"Liliane"},"schema":{"@context":"https:\/\/schema.org","@graph":[{"@type":"Article","@id":"https:\/\/www.caumont.com\/index.php\/2019\/04\/18\/exposition-avec-la-galerie-louis-dargenville-a-lausanne-art-fair-du-2-au-5-mai-2019\/#article","isPartOf":{"@id":"https:\/\/www.caumont.com\/index.php\/2019\/04\/18\/exposition-avec-la-galerie-louis-dargenville-a-lausanne-art-fair-du-2-au-5-mai-2019\/"},"author":{"name":"Liliane","@id":"https:\/\/www.caumont.com\/#\/schema\/person\/864cfdc4e071d73c29fa86875dfa836c"},"headline":"Exposition avec la Galerie Louis d&rsquo;Argenville \u00e0 Lausanne Art Fair du 2 au 5 mai 2019","datePublished":"2019-04-18T17:23:19+00:00","dateModified":"2021-04-28T10:32:42+00:00","mainEntityOfPage":{"@id":"https:\/\/www.caumont.com\/index.php\/2019\/04\/18\/exposition-avec-la-galerie-louis-dargenville-a-lausanne-art-fair-du-2-au-5-mai-2019\/"},"wordCount":34,"commentCount":0,"publisher":{"@id":"https:\/\/www.caumont.com\/#organization"},"keywords":["BLOG"],"articleSection":["expositions"],"inLanguage":"fr-FR","potentialAction":[{"@type":"CommentAction","name":"Comment","target":["https:\/\/www.caumont.com\/index.php\/2019\/04\/18\/exposition-avec-la-galerie-louis-dargenville-a-lausanne-art-fair-du-2-au-5-mai-2019\/#respond"]}]},{"@type":"WebPage","@id":"https:\/\/www.caumont.com\/index.php\/2019\/04\/18\/exposition-avec-la-galerie-louis-dargenville-a-lausanne-art-fair-du-2-au-5-mai-2019\/","url":"https:\/\/www.caumont.com\/index.php\/2019\/04\/18\/exposition-avec-la-galerie-louis-dargenville-a-lausanne-art-fair-du-2-au-5-mai-2019\/","name":"Exposition avec la Galerie Louis d'Argenville \u00e0 Lausanne Art Fair du 2 au 5 mai 2019 - Liliane Caumont","isPartOf":{"@id":"https:\/\/www.caumont.com\/#website"},"datePublished":"2019-04-18T17:23:19+00:00","dateModified":"2021-04-28T10:32:42+00:00","breadcrumb":{"@id":"https:\/\/www.caumont.com\/index.php\/2019\/04\/18\/exposition-avec-la-galerie-louis-dargenville-a-lausanne-art-fair-du-2-au-5-mai-2019\/#breadcrumb"},"inLanguage":"fr-FR","potentialAction":[{"@type":"ReadAction","target":["https:\/\/www.caumont.com\/index.php\/2019\/04\/18\/exposition-avec-la-galerie-louis-dargenville-a-lausanne-art-fair-du-2-au-5-mai-2019\/"]}]},{"@type":"BreadcrumbList","@id":"https:\/\/www.caumont.com\/index.php\/2019\/04\/18\/exposition-avec-la-galerie-louis-dargenville-a-lausanne-art-fair-du-2-au-5-mai-2019\/#breadcrumb","itemListElement":[{"@type":"ListItem","position":1,"name":"Accueil","item":"https:\/\/www.caumont.com\/"},{"@type":"ListItem","position":2,"name":"Exposition avec la Galerie Louis d&rsquo;Argenville \u00e0 Lausanne Art Fair du 2 au 5 mai 2019"}]},{"@type":"WebSite","@id":"https:\/\/www.caumont.com\/#website","url":"https:\/\/www.caumont.com\/","name":"Liliane Caumont","description":"Sculptor","publisher":{"@id":"https:\/\/www.caumont.com\/#organization"},"potentialAction":[{"@type":"SearchAction","target":{"@type":"EntryPoint","urlTemplate":"https:\/\/www.caumont.com\/?s={search_term_string}"},"query-input":"required name=search_term_string"}],"inLanguage":"fr-FR"},{"@type":"Organization","@id":"https:\/\/www.caumont.com\/#organization","name":"Liliane Caumont","url":"https:\/\/www.caumont.com\/","logo":{"@type":"ImageObject","inLanguage":"fr-FR","@id":"https:\/\/www.caumont.com\/#\/schema\/logo\/image\/","url":"https:\/\/www.caumont.com\/wp-content\/uploads\/2018\/03\/FAVlili.png","contentUrl":"https:\/\/www.caumont.com\/wp-content\/uploads\/2018\/03\/FAVlili.png","width":501,"height":512,"caption":"Liliane Caumont"},"image":{"@id":"https:\/\/www.caumont.com\/#\/schema\/logo\/image\/"},"sameAs":["https:\/\/www.facebook.com\/lilianecaumont","https:\/\/www.instagram.com\/lilianecaumont\/"]},{"@type":"Person","@id":"https:\/\/www.caumont.com\/#\/schema\/person\/864cfdc4e071d73c29fa86875dfa836c","name":"Liliane","image":{"@type":"ImageObject","inLanguage":"fr-FR","@id":"https:\/\/www.caumont.com\/#\/schema\/person\/image\/","url":"https:\/\/secure.gravatar.com\/avatar\/44f9865a1ef48c7fafac077e66fdbd20?s=96&d=mm&r=g","contentUrl":"https:\/\/secure.gravatar.com\/avatar\/44f9865a1ef48c7fafac077e66fdbd20?s=96&d=mm&r=g","caption":"Liliane"},"description":"1972 . Liliane Caumont quitte Paris pour Madrid, puissante source d'inspiration et d\u00e9but d'une carri\u00e8re de sculptrice qui lui fera parcourir le monde et conna\u00eetre de la simple galerie d'art au Grand Palais de Paris o\u00f9 elle sera invit\u00e9e d'honneur. Son art a \u00e9volu\u00e9 de l'abstrait vers le figuratif, aussi, de la terre vers le bronze ; \u00e0 travers elle, l'\u00e9vocation de la place, du statut de la femme dans le monde interpelle dans la mise en sc\u00e8ne de ses personnages.","sameAs":["http:\/\/www.caumont.com"],"url":"https:\/\/www.caumont.com\/index.php\/author\/liliane\/"}]}},"_links":{"self":[{"href":"https:\/\/www.caumont.com\/index.php\/wp-json\/wp\/v2\/posts\/799"}],"collection":[{"href":"https:\/\/www.caumont.com\/index.php\/wp-json\/wp\/v2\/posts"}],"about":[{"href":"https:\/\/www.caumont.com\/index.php\/wp-json\/wp\/v2\/types\/post"}],"author":[{"embeddable":true,"href":"https:\/\/www.caumont.com\/index.php\/wp-json\/wp\/v2\/users\/1"}],"replies":[{"embeddable":true,"href":"https:\/\/www.caumont.com\/index.php\/wp-json\/wp\/v2\/comments?post=799"}],"version-history":[{"count":4,"href":"https:\/\/www.caumont.com\/index.php\/wp-json\/wp\/v2\/posts\/799\/revisions"}],"predecessor-version":[{"id":1216,"href":"https:\/\/www.caumont.com\/index.php\/wp-json\/wp\/v2\/posts\/799\/revisions\/1216"}],"wp:featuredmedia":[{"embeddable":true,"href":"https:\/\/www.caumont.com\/index.php\/wp-json\/wp\/v2\/media\/800"}],"wp:attachment":[{"href":"https:\/\/www.caumont.com\/index.php\/wp-json\/wp\/v2\/media?parent=799"}],"wp:term":[{"taxonomy":"category","embeddable":true,"href":"https:\/\/www.caumont.com\/index.php\/wp-json\/wp\/v2\/categories?post=799"},{"taxonomy":"post_tag","embeddable":true,"href":"https:\/\/www.caumont.com\/index.php\/wp-json\/wp\/v2\/tags?post=799"}],"curies":[{"name":"wp","href":"https:\/\/api.w.org\/{rel}","templated":true}]}}