{"id":759,"date":"2018-12-11T19:30:30","date_gmt":"2018-12-11T18:30:30","guid":{"rendered":"http:\/\/www.caumont.com\/?p=759"},"modified":"2021-04-28T12:40:44","modified_gmt":"2021-04-28T10:40:44","slug":"portes-ouvertes-a-la-maison-le-8-et-9-decembre-2018","status":"publish","type":"post","link":"https:\/\/www.caumont.com\/index.php\/2018\/12\/11\/portes-ouvertes-a-la-maison-le-8-et-9-decembre-2018\/","title":{"rendered":"Portes ouvertes \u00e0 la maison le 8 et 9 d\u00e9cembre 2018"},"content":{"rendered":"<p>J&rsquo;ai ouvert les portes de ma maison pour pr\u00e9senter mes derniers travaux et les pi\u00e8ces qui me tiennent \u00e0 coeur.<\/p>\n<p>Les jours du 8 et 9 d\u00e9cembre \u00a0n&rsquo;\u00e9taient pas trop bien choisis en tenant compte des pr\u00e9occupations actuelles. Nous essayerons une autre fois en esp\u00e9rant rassembler plus de public. Merci cependant \u00e0 tous<\/p>\n<p>ceux qui sont venus partager le verre de l&rsquo;amiti\u00e9.<\/p>\n<p><img loading=\"lazy\" decoding=\"async\" class=\"alignnone size-medium wp-image-760\" src=\"https:\/\/www.caumont.com\/wp-content\/uploads\/2018\/12\/portes-ouvertes-1-300x225.jpg\" alt=\"\" width=\"300\" height=\"225\" srcset=\"https:\/\/www.caumont.com\/wp-content\/uploads\/2018\/12\/portes-ouvertes-1-300x225.jpg 300w, https:\/\/www.caumont.com\/wp-content\/uploads\/2018\/12\/portes-ouvertes-1.jpg 567w\" sizes=\"(max-width: 300px) 100vw, 300px\" \/><img loading=\"lazy\" decoding=\"async\" class=\"alignnone size-medium wp-image-761\" src=\"https:\/\/www.caumont.com\/wp-content\/uploads\/2018\/12\/portes-ouvertes-2-300x225.jpg\" alt=\"\" width=\"300\" height=\"225\" srcset=\"https:\/\/www.caumont.com\/wp-content\/uploads\/2018\/12\/portes-ouvertes-2-300x225.jpg 300w, https:\/\/www.caumont.com\/wp-content\/uploads\/2018\/12\/portes-ouvertes-2.jpg 567w\" sizes=\"(max-width: 300px) 100vw, 300px\" \/><img loading=\"lazy\" decoding=\"async\" class=\"alignnone size-medium wp-image-762\" src=\"https:\/\/www.caumont.com\/wp-content\/uploads\/2018\/12\/portes-ouvertes-3-300x201.jpg\" alt=\"\" width=\"300\" height=\"201\" srcset=\"https:\/\/www.caumont.com\/wp-content\/uploads\/2018\/12\/portes-ouvertes-3-300x201.jpg 300w, https:\/\/www.caumont.com\/wp-content\/uploads\/2018\/12\/portes-ouvertes-3.jpg 567w\" sizes=\"(max-width: 300px) 100vw, 300px\" \/><img loading=\"lazy\" decoding=\"async\" class=\"alignnone size-medium wp-image-763\" src=\"https:\/\/www.caumont.com\/wp-content\/uploads\/2018\/12\/portes-ouvertes-4-300x225.jpg\" alt=\"\" width=\"300\" height=\"225\" srcset=\"https:\/\/www.caumont.com\/wp-content\/uploads\/2018\/12\/portes-ouvertes-4-300x225.jpg 300w, https:\/\/www.caumont.com\/wp-content\/uploads\/2018\/12\/portes-ouvertes-4.jpg 567w\" sizes=\"(max-width: 300px) 100vw, 300px\" \/><\/p>\n","protected":false},"excerpt":{"rendered":"<p>J&rsquo;ai ouvert les portes de ma maison pour pr\u00e9senter mes derniers travaux et les pi\u00e8ces qui me tiennent \u00e0 coeur. Les jours du 8 et 9 d\u00e9cembre \u00a0n&rsquo;\u00e9taient pas trop bien choisis en tenant compte<br \/><a class=\"read-more\" href=\"https:\/\/www.caumont.com\/index.php\/2018\/12\/11\/portes-ouvertes-a-la-maison-le-8-et-9-decembre-2018\/\">Read More<\/a><\/p>\n","protected":false},"author":1,"featured_media":764,"comment_status":"open","ping_status":"open","sticky":false,"template":"","format":"standard","meta":{"footnotes":""},"categories":[40],"tags":[13],"yoast_head":"<!-- This site is optimized with the Yoast SEO plugin v21.7 - https:\/\/yoast.com\/wordpress\/plugins\/seo\/ -->\n<title>Portes ouvertes \u00e0 la maison le 8 et 9 d\u00e9cembre 2018 - Liliane Caumont<\/title>\n<meta name=\"robots\" content=\"index, follow, max-snippet:-1, max-image-preview:large, max-video-preview:-1\" \/>\n<link rel=\"canonical\" href=\"https:\/\/www.caumont.com\/index.php\/2018\/12\/11\/portes-ouvertes-a-la-maison-le-8-et-9-decembre-2018\/\" \/>\n<meta property=\"og:locale\" content=\"fr_FR\" \/>\n<meta property=\"og:type\" content=\"article\" \/>\n<meta property=\"og:title\" content=\"Portes ouvertes \u00e0 la maison le 8 et 9 d\u00e9cembre 2018 - Liliane Caumont\" \/>\n<meta property=\"og:description\" content=\"J&rsquo;ai ouvert les portes de ma maison pour pr\u00e9senter mes derniers travaux et les pi\u00e8ces qui me tiennent \u00e0 coeur. Les jours du 8 et 9 d\u00e9cembre \u00a0n&rsquo;\u00e9taient pas trop bien choisis en tenant compteRead More\" \/>\n<meta property=\"og:url\" content=\"https:\/\/www.caumont.com\/index.php\/2018\/12\/11\/portes-ouvertes-a-la-maison-le-8-et-9-decembre-2018\/\" \/>\n<meta property=\"og:site_name\" content=\"Liliane Caumont\" \/>\n<meta property=\"article:publisher\" content=\"https:\/\/www.facebook.com\/lilianecaumont\" \/>\n<meta property=\"article:published_time\" content=\"2018-12-11T18:30:30+00:00\" \/>\n<meta property=\"article:modified_time\" content=\"2021-04-28T10:40:44+00:00\" \/>\n<meta property=\"og:image\" content=\"https:\/\/www.caumont.com\/wp-content\/uploads\/2018\/12\/portes-ouvertes-5.jpg\" \/>\n\t<meta property=\"og:image:width\" content=\"567\" \/>\n\t<meta property=\"og:image:height\" content=\"425\" \/>\n\t<meta property=\"og:image:type\" content=\"image\/jpeg\" \/>\n<meta name=\"author\" content=\"Liliane\" \/>\n<meta name=\"twitter:card\" content=\"summary_large_image\" \/>\n<meta name=\"twitter:label1\" content=\"\u00c9crit par\" \/>\n\t<meta name=\"twitter:data1\" content=\"Liliane\" \/>\n<script type=\"application\/ld+json\" class=\"yoast-schema-graph\">{\"@context\":\"https:\/\/schema.org\",\"@graph\":[{\"@type\":\"Article\",\"@id\":\"https:\/\/www.caumont.com\/index.php\/2018\/12\/11\/portes-ouvertes-a-la-maison-le-8-et-9-decembre-2018\/#article\",\"isPartOf\":{\"@id\":\"https:\/\/www.caumont.com\/index.php\/2018\/12\/11\/portes-ouvertes-a-la-maison-le-8-et-9-decembre-2018\/\"},\"author\":{\"name\":\"Liliane\",\"@id\":\"https:\/\/www.caumont.com\/#\/schema\/person\/864cfdc4e071d73c29fa86875dfa836c\"},\"headline\":\"Portes ouvertes \u00e0 la maison le 8 et 9 d\u00e9cembre 2018\",\"datePublished\":\"2018-12-11T18:30:30+00:00\",\"dateModified\":\"2021-04-28T10:40:44+00:00\",\"mainEntityOfPage\":{\"@id\":\"https:\/\/www.caumont.com\/index.php\/2018\/12\/11\/portes-ouvertes-a-la-maison-le-8-et-9-decembre-2018\/\"},\"wordCount\":72,\"commentCount\":0,\"publisher\":{\"@id\":\"https:\/\/www.caumont.com\/#organization\"},\"keywords\":[\"BLOG\"],\"articleSection\":[\"expositions\"],\"inLanguage\":\"fr-FR\",\"potentialAction\":[{\"@type\":\"CommentAction\",\"name\":\"Comment\",\"target\":[\"https:\/\/www.caumont.com\/index.php\/2018\/12\/11\/portes-ouvertes-a-la-maison-le-8-et-9-decembre-2018\/#respond\"]}]},{\"@type\":\"WebPage\",\"@id\":\"https:\/\/www.caumont.com\/index.php\/2018\/12\/11\/portes-ouvertes-a-la-maison-le-8-et-9-decembre-2018\/\",\"url\":\"https:\/\/www.caumont.com\/index.php\/2018\/12\/11\/portes-ouvertes-a-la-maison-le-8-et-9-decembre-2018\/\",\"name\":\"Portes ouvertes \u00e0 la maison le 8 et 9 d\u00e9cembre 2018 - Liliane Caumont\",\"isPartOf\":{\"@id\":\"https:\/\/www.caumont.com\/#website\"},\"datePublished\":\"2018-12-11T18:30:30+00:00\",\"dateModified\":\"2021-04-28T10:40:44+00:00\",\"breadcrumb\":{\"@id\":\"https:\/\/www.caumont.com\/index.php\/2018\/12\/11\/portes-ouvertes-a-la-maison-le-8-et-9-decembre-2018\/#breadcrumb\"},\"inLanguage\":\"fr-FR\",\"potentialAction\":[{\"@type\":\"ReadAction\",\"target\":[\"https:\/\/www.caumont.com\/index.php\/2018\/12\/11\/portes-ouvertes-a-la-maison-le-8-et-9-decembre-2018\/\"]}]},{\"@type\":\"BreadcrumbList\",\"@id\":\"https:\/\/www.caumont.com\/index.php\/2018\/12\/11\/portes-ouvertes-a-la-maison-le-8-et-9-decembre-2018\/#breadcrumb\",\"itemListElement\":[{\"@type\":\"ListItem\",\"position\":1,\"name\":\"Accueil\",\"item\":\"https:\/\/www.caumont.com\/\"},{\"@type\":\"ListItem\",\"position\":2,\"name\":\"Portes ouvertes \u00e0 la maison le 8 et 9 d\u00e9cembre 2018\"}]},{\"@type\":\"WebSite\",\"@id\":\"https:\/\/www.caumont.com\/#website\",\"url\":\"https:\/\/www.caumont.com\/\",\"name\":\"Liliane Caumont\",\"description\":\"Sculptor\",\"publisher\":{\"@id\":\"https:\/\/www.caumont.com\/#organization\"},\"potentialAction\":[{\"@type\":\"SearchAction\",\"target\":{\"@type\":\"EntryPoint\",\"urlTemplate\":\"https:\/\/www.caumont.com\/?s={search_term_string}\"},\"query-input\":\"required name=search_term_string\"}],\"inLanguage\":\"fr-FR\"},{\"@type\":\"Organization\",\"@id\":\"https:\/\/www.caumont.com\/#organization\",\"name\":\"Liliane Caumont\",\"url\":\"https:\/\/www.caumont.com\/\",\"logo\":{\"@type\":\"ImageObject\",\"inLanguage\":\"fr-FR\",\"@id\":\"https:\/\/www.caumont.com\/#\/schema\/logo\/image\/\",\"url\":\"https:\/\/www.caumont.com\/wp-content\/uploads\/2018\/03\/FAVlili.png\",\"contentUrl\":\"https:\/\/www.caumont.com\/wp-content\/uploads\/2018\/03\/FAVlili.png\",\"width\":501,\"height\":512,\"caption\":\"Liliane Caumont\"},\"image\":{\"@id\":\"https:\/\/www.caumont.com\/#\/schema\/logo\/image\/\"},\"sameAs\":[\"https:\/\/www.facebook.com\/lilianecaumont\",\"https:\/\/www.instagram.com\/lilianecaumont\/\"]},{\"@type\":\"Person\",\"@id\":\"https:\/\/www.caumont.com\/#\/schema\/person\/864cfdc4e071d73c29fa86875dfa836c\",\"name\":\"Liliane\",\"image\":{\"@type\":\"ImageObject\",\"inLanguage\":\"fr-FR\",\"@id\":\"https:\/\/www.caumont.com\/#\/schema\/person\/image\/\",\"url\":\"https:\/\/secure.gravatar.com\/avatar\/44f9865a1ef48c7fafac077e66fdbd20?s=96&d=mm&r=g\",\"contentUrl\":\"https:\/\/secure.gravatar.com\/avatar\/44f9865a1ef48c7fafac077e66fdbd20?s=96&d=mm&r=g\",\"caption\":\"Liliane\"},\"description\":\"1972 . Liliane Caumont quitte Paris pour Madrid, puissante source d'inspiration et d\u00e9but d'une carri\u00e8re de sculptrice qui lui fera parcourir le monde et conna\u00eetre de la simple galerie d'art au Grand Palais de Paris o\u00f9 elle sera invit\u00e9e d'honneur. Son art a \u00e9volu\u00e9 de l'abstrait vers le figuratif, aussi, de la terre vers le bronze ; \u00e0 travers elle, l'\u00e9vocation de la place, du statut de la femme dans le monde interpelle dans la mise en sc\u00e8ne de ses personnages.\",\"sameAs\":[\"http:\/\/www.caumont.com\"],\"url\":\"https:\/\/www.caumont.com\/index.php\/author\/liliane\/\"}]}<\/script>\n<!-- \/ Yoast SEO plugin. -->","yoast_head_json":{"title":"Portes ouvertes \u00e0 la maison le 8 et 9 d\u00e9cembre 2018 - Liliane Caumont","robots":{"index":"index","follow":"follow","max-snippet":"max-snippet:-1","max-image-preview":"max-image-preview:large","max-video-preview":"max-video-preview:-1"},"canonical":"https:\/\/www.caumont.com\/index.php\/2018\/12\/11\/portes-ouvertes-a-la-maison-le-8-et-9-decembre-2018\/","og_locale":"fr_FR","og_type":"article","og_title":"Portes ouvertes \u00e0 la maison le 8 et 9 d\u00e9cembre 2018 - Liliane Caumont","og_description":"J&rsquo;ai ouvert les portes de ma maison pour pr\u00e9senter mes derniers travaux et les pi\u00e8ces qui me tiennent \u00e0 coeur. Les jours du 8 et 9 d\u00e9cembre \u00a0n&rsquo;\u00e9taient pas trop bien choisis en tenant compteRead More","og_url":"https:\/\/www.caumont.com\/index.php\/2018\/12\/11\/portes-ouvertes-a-la-maison-le-8-et-9-decembre-2018\/","og_site_name":"Liliane Caumont","article_publisher":"https:\/\/www.facebook.com\/lilianecaumont","article_published_time":"2018-12-11T18:30:30+00:00","article_modified_time":"2021-04-28T10:40:44+00:00","og_image":[{"width":567,"height":425,"url":"https:\/\/www.caumont.com\/wp-content\/uploads\/2018\/12\/portes-ouvertes-5.jpg","type":"image\/jpeg"}],"author":"Liliane","twitter_card":"summary_large_image","twitter_misc":{"\u00c9crit par":"Liliane"},"schema":{"@context":"https:\/\/schema.org","@graph":[{"@type":"Article","@id":"https:\/\/www.caumont.com\/index.php\/2018\/12\/11\/portes-ouvertes-a-la-maison-le-8-et-9-decembre-2018\/#article","isPartOf":{"@id":"https:\/\/www.caumont.com\/index.php\/2018\/12\/11\/portes-ouvertes-a-la-maison-le-8-et-9-decembre-2018\/"},"author":{"name":"Liliane","@id":"https:\/\/www.caumont.com\/#\/schema\/person\/864cfdc4e071d73c29fa86875dfa836c"},"headline":"Portes ouvertes \u00e0 la maison le 8 et 9 d\u00e9cembre 2018","datePublished":"2018-12-11T18:30:30+00:00","dateModified":"2021-04-28T10:40:44+00:00","mainEntityOfPage":{"@id":"https:\/\/www.caumont.com\/index.php\/2018\/12\/11\/portes-ouvertes-a-la-maison-le-8-et-9-decembre-2018\/"},"wordCount":72,"commentCount":0,"publisher":{"@id":"https:\/\/www.caumont.com\/#organization"},"keywords":["BLOG"],"articleSection":["expositions"],"inLanguage":"fr-FR","potentialAction":[{"@type":"CommentAction","name":"Comment","target":["https:\/\/www.caumont.com\/index.php\/2018\/12\/11\/portes-ouvertes-a-la-maison-le-8-et-9-decembre-2018\/#respond"]}]},{"@type":"WebPage","@id":"https:\/\/www.caumont.com\/index.php\/2018\/12\/11\/portes-ouvertes-a-la-maison-le-8-et-9-decembre-2018\/","url":"https:\/\/www.caumont.com\/index.php\/2018\/12\/11\/portes-ouvertes-a-la-maison-le-8-et-9-decembre-2018\/","name":"Portes ouvertes \u00e0 la maison le 8 et 9 d\u00e9cembre 2018 - Liliane Caumont","isPartOf":{"@id":"https:\/\/www.caumont.com\/#website"},"datePublished":"2018-12-11T18:30:30+00:00","dateModified":"2021-04-28T10:40:44+00:00","breadcrumb":{"@id":"https:\/\/www.caumont.com\/index.php\/2018\/12\/11\/portes-ouvertes-a-la-maison-le-8-et-9-decembre-2018\/#breadcrumb"},"inLanguage":"fr-FR","potentialAction":[{"@type":"ReadAction","target":["https:\/\/www.caumont.com\/index.php\/2018\/12\/11\/portes-ouvertes-a-la-maison-le-8-et-9-decembre-2018\/"]}]},{"@type":"BreadcrumbList","@id":"https:\/\/www.caumont.com\/index.php\/2018\/12\/11\/portes-ouvertes-a-la-maison-le-8-et-9-decembre-2018\/#breadcrumb","itemListElement":[{"@type":"ListItem","position":1,"name":"Accueil","item":"https:\/\/www.caumont.com\/"},{"@type":"ListItem","position":2,"name":"Portes ouvertes \u00e0 la maison le 8 et 9 d\u00e9cembre 2018"}]},{"@type":"WebSite","@id":"https:\/\/www.caumont.com\/#website","url":"https:\/\/www.caumont.com\/","name":"Liliane Caumont","description":"Sculptor","publisher":{"@id":"https:\/\/www.caumont.com\/#organization"},"potentialAction":[{"@type":"SearchAction","target":{"@type":"EntryPoint","urlTemplate":"https:\/\/www.caumont.com\/?s={search_term_string}"},"query-input":"required name=search_term_string"}],"inLanguage":"fr-FR"},{"@type":"Organization","@id":"https:\/\/www.caumont.com\/#organization","name":"Liliane Caumont","url":"https:\/\/www.caumont.com\/","logo":{"@type":"ImageObject","inLanguage":"fr-FR","@id":"https:\/\/www.caumont.com\/#\/schema\/logo\/image\/","url":"https:\/\/www.caumont.com\/wp-content\/uploads\/2018\/03\/FAVlili.png","contentUrl":"https:\/\/www.caumont.com\/wp-content\/uploads\/2018\/03\/FAVlili.png","width":501,"height":512,"caption":"Liliane Caumont"},"image":{"@id":"https:\/\/www.caumont.com\/#\/schema\/logo\/image\/"},"sameAs":["https:\/\/www.facebook.com\/lilianecaumont","https:\/\/www.instagram.com\/lilianecaumont\/"]},{"@type":"Person","@id":"https:\/\/www.caumont.com\/#\/schema\/person\/864cfdc4e071d73c29fa86875dfa836c","name":"Liliane","image":{"@type":"ImageObject","inLanguage":"fr-FR","@id":"https:\/\/www.caumont.com\/#\/schema\/person\/image\/","url":"https:\/\/secure.gravatar.com\/avatar\/44f9865a1ef48c7fafac077e66fdbd20?s=96&d=mm&r=g","contentUrl":"https:\/\/secure.gravatar.com\/avatar\/44f9865a1ef48c7fafac077e66fdbd20?s=96&d=mm&r=g","caption":"Liliane"},"description":"1972 . Liliane Caumont quitte Paris pour Madrid, puissante source d'inspiration et d\u00e9but d'une carri\u00e8re de sculptrice qui lui fera parcourir le monde et conna\u00eetre de la simple galerie d'art au Grand Palais de Paris o\u00f9 elle sera invit\u00e9e d'honneur. Son art a \u00e9volu\u00e9 de l'abstrait vers le figuratif, aussi, de la terre vers le bronze ; \u00e0 travers elle, l'\u00e9vocation de la place, du statut de la femme dans le monde interpelle dans la mise en sc\u00e8ne de ses personnages.","sameAs":["http:\/\/www.caumont.com"],"url":"https:\/\/www.caumont.com\/index.php\/author\/liliane\/"}]}},"_links":{"self":[{"href":"https:\/\/www.caumont.com\/index.php\/wp-json\/wp\/v2\/posts\/759"}],"collection":[{"href":"https:\/\/www.caumont.com\/index.php\/wp-json\/wp\/v2\/posts"}],"about":[{"href":"https:\/\/www.caumont.com\/index.php\/wp-json\/wp\/v2\/types\/post"}],"author":[{"embeddable":true,"href":"https:\/\/www.caumont.com\/index.php\/wp-json\/wp\/v2\/users\/1"}],"replies":[{"embeddable":true,"href":"https:\/\/www.caumont.com\/index.php\/wp-json\/wp\/v2\/comments?post=759"}],"version-history":[{"count":1,"href":"https:\/\/www.caumont.com\/index.php\/wp-json\/wp\/v2\/posts\/759\/revisions"}],"predecessor-version":[{"id":1222,"href":"https:\/\/www.caumont.com\/index.php\/wp-json\/wp\/v2\/posts\/759\/revisions\/1222"}],"wp:featuredmedia":[{"embeddable":true,"href":"https:\/\/www.caumont.com\/index.php\/wp-json\/wp\/v2\/media\/764"}],"wp:attachment":[{"href":"https:\/\/www.caumont.com\/index.php\/wp-json\/wp\/v2\/media?parent=759"}],"wp:term":[{"taxonomy":"category","embeddable":true,"href":"https:\/\/www.caumont.com\/index.php\/wp-json\/wp\/v2\/categories?post=759"},{"taxonomy":"post_tag","embeddable":true,"href":"https:\/\/www.caumont.com\/index.php\/wp-json\/wp\/v2\/tags?post=759"}],"curies":[{"name":"wp","href":"https:\/\/api.w.org\/{rel}","templated":true}]}}