{"id":739,"date":"2018-09-14T19:19:28","date_gmt":"2018-09-14T17:19:28","guid":{"rendered":"http:\/\/www.caumont.com\/?p=739"},"modified":"2021-04-28T12:45:45","modified_gmt":"2021-04-28T10:45:45","slug":"71eme-salon-dautomne-de-saint-mande","status":"publish","type":"post","link":"https:\/\/www.caumont.com\/index.php\/2018\/09\/14\/71eme-salon-dautomne-de-saint-mande\/","title":{"rendered":"71\u00e8me SALON D&rsquo;AUTOMNE DE SAINT-MANDE"},"content":{"rendered":"<p>Je participe au 71\u00e8me Salon d&rsquo;Automne de la ville de Saint-Mand\u00e9 organis\u00e9 par l&rsquo;Association Nationale des Artistes Fran\u00e7ais<\/p>\n<p>Du 26 Septembre 2018 au 7 Octobre 2018 dans la Salle des F\u00eates de la Mairie de Saint-Mand\u00e9, 10 place Charles Digeon 94160 Saint-Mand\u00e9<\/p>\n<p>Vernissage: Mercredi 26 Septembre \u00e0 18h30<\/p>\n<p>L&rsquo;exposition est ouverte tous les jours de 14h \u00e0 18h<\/p>\n<p>Je pr\u00e9sente trois bronzes:<\/p>\n<figure id=\"attachment_743\" aria-describedby=\"caption-attachment-743\" style=\"width: 200px\" class=\"wp-caption alignnone\"><img loading=\"lazy\" decoding=\"async\" class=\"size-medium wp-image-743\" src=\"https:\/\/www.caumont.com\/wp-content\/uploads\/2018\/09\/larbre-des-r\u00eaves-reduite-200x300.jpg\" alt=\"\" width=\"200\" height=\"300\" srcset=\"https:\/\/www.caumont.com\/wp-content\/uploads\/2018\/09\/larbre-des-r\u00eaves-reduite-200x300.jpg 200w, https:\/\/www.caumont.com\/wp-content\/uploads\/2018\/09\/larbre-des-r\u00eaves-reduite.jpg 378w\" sizes=\"(max-width: 200px) 100vw, 200px\" \/><figcaption id=\"caption-attachment-743\" class=\"wp-caption-text\">bronze et fer d\u00e9coup\u00e9 au laser<\/figcaption><\/figure>\n<p>-Le regard N\u00b01<\/p>\n<p>&#8211; Le regard N\u00b02<\/p>\n<p>&#8211; L&rsquo;arbre des songes, \u00a0bronze et fer d\u00e9coup\u00e9 au laser.\u00a0<img loading=\"lazy\" decoding=\"async\" class=\"alignnone size-medium wp-image-740\" src=\"https:\/\/www.caumont.com\/wp-content\/uploads\/2018\/09\/Le-Regard1-reduite-300x200.jpg\" alt=\"\" width=\"300\" height=\"200\" srcset=\"https:\/\/www.caumont.com\/wp-content\/uploads\/2018\/09\/Le-Regard1-reduite-300x200.jpg 300w, https:\/\/www.caumont.com\/wp-content\/uploads\/2018\/09\/Le-Regard1-reduite.jpg 567w\" sizes=\"(max-width: 300px) 100vw, 300px\" \/> <img loading=\"lazy\" decoding=\"async\" class=\"alignnone size-medium wp-image-741\" src=\"https:\/\/www.caumont.com\/wp-content\/uploads\/2018\/09\/le-regard-bronze-reduite-200x300.jpg\" alt=\"\" width=\"200\" height=\"300\" srcset=\"https:\/\/www.caumont.com\/wp-content\/uploads\/2018\/09\/le-regard-bronze-reduite-200x300.jpg 200w, https:\/\/www.caumont.com\/wp-content\/uploads\/2018\/09\/le-regard-bronze-reduite-768x1152.jpg 768w, https:\/\/www.caumont.com\/wp-content\/uploads\/2018\/09\/le-regard-bronze-reduite-683x1024.jpg 683w, https:\/\/www.caumont.com\/wp-content\/uploads\/2018\/09\/le-regard-bronze-reduite.jpg 1575w\" sizes=\"(max-width: 200px) 100vw, 200px\" \/><\/p>\n","protected":false},"excerpt":{"rendered":"<p>Je participe au 71\u00e8me Salon d&rsquo;Automne de la ville de Saint-Mand\u00e9 organis\u00e9 par l&rsquo;Association Nationale des Artistes Fran\u00e7ais Du 26 Septembre 2018 au 7 Octobre 2018 dans la Salle des F\u00eates de la Mairie de<br \/><a class=\"read-more\" href=\"https:\/\/www.caumont.com\/index.php\/2018\/09\/14\/71eme-salon-dautomne-de-saint-mande\/\">Read More<\/a><\/p>\n","protected":false},"author":1,"featured_media":743,"comment_status":"open","ping_status":"open","sticky":false,"template":"","format":"standard","meta":{"footnotes":""},"categories":[40],"tags":[13],"yoast_head":"<!-- This site is optimized with the Yoast SEO plugin v21.7 - https:\/\/yoast.com\/wordpress\/plugins\/seo\/ -->\n<title>71\u00e8me SALON D&#039;AUTOMNE DE SAINT-MANDE - Liliane Caumont<\/title>\n<meta name=\"robots\" content=\"index, follow, max-snippet:-1, max-image-preview:large, max-video-preview:-1\" \/>\n<link rel=\"canonical\" href=\"https:\/\/www.caumont.com\/index.php\/2018\/09\/14\/71eme-salon-dautomne-de-saint-mande\/\" \/>\n<meta property=\"og:locale\" content=\"fr_FR\" \/>\n<meta property=\"og:type\" content=\"article\" \/>\n<meta property=\"og:title\" content=\"71\u00e8me SALON D&#039;AUTOMNE DE SAINT-MANDE - Liliane Caumont\" \/>\n<meta property=\"og:description\" content=\"Je participe au 71\u00e8me Salon d&rsquo;Automne de la ville de Saint-Mand\u00e9 organis\u00e9 par l&rsquo;Association Nationale des Artistes Fran\u00e7ais Du 26 Septembre 2018 au 7 Octobre 2018 dans la Salle des F\u00eates de la Mairie deRead More\" \/>\n<meta property=\"og:url\" content=\"https:\/\/www.caumont.com\/index.php\/2018\/09\/14\/71eme-salon-dautomne-de-saint-mande\/\" \/>\n<meta property=\"og:site_name\" content=\"Liliane Caumont\" \/>\n<meta property=\"article:publisher\" content=\"https:\/\/www.facebook.com\/lilianecaumont\" \/>\n<meta property=\"article:published_time\" content=\"2018-09-14T17:19:28+00:00\" \/>\n<meta property=\"article:modified_time\" content=\"2021-04-28T10:45:45+00:00\" \/>\n<meta property=\"og:image\" content=\"https:\/\/www.caumont.com\/wp-content\/uploads\/2018\/09\/larbre-des-r\u00eaves-reduite.jpg\" \/>\n\t<meta property=\"og:image:width\" content=\"378\" \/>\n\t<meta property=\"og:image:height\" content=\"567\" \/>\n\t<meta property=\"og:image:type\" content=\"image\/jpeg\" \/>\n<meta name=\"author\" content=\"Liliane\" \/>\n<meta name=\"twitter:card\" content=\"summary_large_image\" \/>\n<meta name=\"twitter:label1\" content=\"\u00c9crit par\" \/>\n\t<meta name=\"twitter:data1\" content=\"Liliane\" \/>\n<script type=\"application\/ld+json\" class=\"yoast-schema-graph\">{\"@context\":\"https:\/\/schema.org\",\"@graph\":[{\"@type\":\"Article\",\"@id\":\"https:\/\/www.caumont.com\/index.php\/2018\/09\/14\/71eme-salon-dautomne-de-saint-mande\/#article\",\"isPartOf\":{\"@id\":\"https:\/\/www.caumont.com\/index.php\/2018\/09\/14\/71eme-salon-dautomne-de-saint-mande\/\"},\"author\":{\"name\":\"Liliane\",\"@id\":\"https:\/\/www.caumont.com\/#\/schema\/person\/864cfdc4e071d73c29fa86875dfa836c\"},\"headline\":\"71\u00e8me SALON D&rsquo;AUTOMNE DE SAINT-MANDE\",\"datePublished\":\"2018-09-14T17:19:28+00:00\",\"dateModified\":\"2021-04-28T10:45:45+00:00\",\"mainEntityOfPage\":{\"@id\":\"https:\/\/www.caumont.com\/index.php\/2018\/09\/14\/71eme-salon-dautomne-de-saint-mande\/\"},\"wordCount\":93,\"commentCount\":0,\"publisher\":{\"@id\":\"https:\/\/www.caumont.com\/#organization\"},\"keywords\":[\"BLOG\"],\"articleSection\":[\"expositions\"],\"inLanguage\":\"fr-FR\",\"potentialAction\":[{\"@type\":\"CommentAction\",\"name\":\"Comment\",\"target\":[\"https:\/\/www.caumont.com\/index.php\/2018\/09\/14\/71eme-salon-dautomne-de-saint-mande\/#respond\"]}]},{\"@type\":\"WebPage\",\"@id\":\"https:\/\/www.caumont.com\/index.php\/2018\/09\/14\/71eme-salon-dautomne-de-saint-mande\/\",\"url\":\"https:\/\/www.caumont.com\/index.php\/2018\/09\/14\/71eme-salon-dautomne-de-saint-mande\/\",\"name\":\"71\u00e8me SALON D'AUTOMNE DE SAINT-MANDE - Liliane Caumont\",\"isPartOf\":{\"@id\":\"https:\/\/www.caumont.com\/#website\"},\"datePublished\":\"2018-09-14T17:19:28+00:00\",\"dateModified\":\"2021-04-28T10:45:45+00:00\",\"breadcrumb\":{\"@id\":\"https:\/\/www.caumont.com\/index.php\/2018\/09\/14\/71eme-salon-dautomne-de-saint-mande\/#breadcrumb\"},\"inLanguage\":\"fr-FR\",\"potentialAction\":[{\"@type\":\"ReadAction\",\"target\":[\"https:\/\/www.caumont.com\/index.php\/2018\/09\/14\/71eme-salon-dautomne-de-saint-mande\/\"]}]},{\"@type\":\"BreadcrumbList\",\"@id\":\"https:\/\/www.caumont.com\/index.php\/2018\/09\/14\/71eme-salon-dautomne-de-saint-mande\/#breadcrumb\",\"itemListElement\":[{\"@type\":\"ListItem\",\"position\":1,\"name\":\"Accueil\",\"item\":\"https:\/\/www.caumont.com\/\"},{\"@type\":\"ListItem\",\"position\":2,\"name\":\"71\u00e8me SALON D&rsquo;AUTOMNE DE SAINT-MANDE\"}]},{\"@type\":\"WebSite\",\"@id\":\"https:\/\/www.caumont.com\/#website\",\"url\":\"https:\/\/www.caumont.com\/\",\"name\":\"Liliane Caumont\",\"description\":\"Sculptor\",\"publisher\":{\"@id\":\"https:\/\/www.caumont.com\/#organization\"},\"potentialAction\":[{\"@type\":\"SearchAction\",\"target\":{\"@type\":\"EntryPoint\",\"urlTemplate\":\"https:\/\/www.caumont.com\/?s={search_term_string}\"},\"query-input\":\"required name=search_term_string\"}],\"inLanguage\":\"fr-FR\"},{\"@type\":\"Organization\",\"@id\":\"https:\/\/www.caumont.com\/#organization\",\"name\":\"Liliane Caumont\",\"url\":\"https:\/\/www.caumont.com\/\",\"logo\":{\"@type\":\"ImageObject\",\"inLanguage\":\"fr-FR\",\"@id\":\"https:\/\/www.caumont.com\/#\/schema\/logo\/image\/\",\"url\":\"https:\/\/www.caumont.com\/wp-content\/uploads\/2018\/03\/FAVlili.png\",\"contentUrl\":\"https:\/\/www.caumont.com\/wp-content\/uploads\/2018\/03\/FAVlili.png\",\"width\":501,\"height\":512,\"caption\":\"Liliane Caumont\"},\"image\":{\"@id\":\"https:\/\/www.caumont.com\/#\/schema\/logo\/image\/\"},\"sameAs\":[\"https:\/\/www.facebook.com\/lilianecaumont\",\"https:\/\/www.instagram.com\/lilianecaumont\/\"]},{\"@type\":\"Person\",\"@id\":\"https:\/\/www.caumont.com\/#\/schema\/person\/864cfdc4e071d73c29fa86875dfa836c\",\"name\":\"Liliane\",\"image\":{\"@type\":\"ImageObject\",\"inLanguage\":\"fr-FR\",\"@id\":\"https:\/\/www.caumont.com\/#\/schema\/person\/image\/\",\"url\":\"https:\/\/secure.gravatar.com\/avatar\/44f9865a1ef48c7fafac077e66fdbd20?s=96&d=mm&r=g\",\"contentUrl\":\"https:\/\/secure.gravatar.com\/avatar\/44f9865a1ef48c7fafac077e66fdbd20?s=96&d=mm&r=g\",\"caption\":\"Liliane\"},\"description\":\"1972 . Liliane Caumont quitte Paris pour Madrid, puissante source d'inspiration et d\u00e9but d'une carri\u00e8re de sculptrice qui lui fera parcourir le monde et conna\u00eetre de la simple galerie d'art au Grand Palais de Paris o\u00f9 elle sera invit\u00e9e d'honneur. Son art a \u00e9volu\u00e9 de l'abstrait vers le figuratif, aussi, de la terre vers le bronze ; \u00e0 travers elle, l'\u00e9vocation de la place, du statut de la femme dans le monde interpelle dans la mise en sc\u00e8ne de ses personnages.\",\"sameAs\":[\"http:\/\/www.caumont.com\"],\"url\":\"https:\/\/www.caumont.com\/index.php\/author\/liliane\/\"}]}<\/script>\n<!-- \/ Yoast SEO plugin. -->","yoast_head_json":{"title":"71\u00e8me SALON D'AUTOMNE DE SAINT-MANDE - Liliane Caumont","robots":{"index":"index","follow":"follow","max-snippet":"max-snippet:-1","max-image-preview":"max-image-preview:large","max-video-preview":"max-video-preview:-1"},"canonical":"https:\/\/www.caumont.com\/index.php\/2018\/09\/14\/71eme-salon-dautomne-de-saint-mande\/","og_locale":"fr_FR","og_type":"article","og_title":"71\u00e8me SALON D'AUTOMNE DE SAINT-MANDE - Liliane Caumont","og_description":"Je participe au 71\u00e8me Salon d&rsquo;Automne de la ville de Saint-Mand\u00e9 organis\u00e9 par l&rsquo;Association Nationale des Artistes Fran\u00e7ais Du 26 Septembre 2018 au 7 Octobre 2018 dans la Salle des F\u00eates de la Mairie deRead More","og_url":"https:\/\/www.caumont.com\/index.php\/2018\/09\/14\/71eme-salon-dautomne-de-saint-mande\/","og_site_name":"Liliane Caumont","article_publisher":"https:\/\/www.facebook.com\/lilianecaumont","article_published_time":"2018-09-14T17:19:28+00:00","article_modified_time":"2021-04-28T10:45:45+00:00","og_image":[{"width":378,"height":567,"url":"https:\/\/www.caumont.com\/wp-content\/uploads\/2018\/09\/larbre-des-r\u00eaves-reduite.jpg","type":"image\/jpeg"}],"author":"Liliane","twitter_card":"summary_large_image","twitter_misc":{"\u00c9crit par":"Liliane"},"schema":{"@context":"https:\/\/schema.org","@graph":[{"@type":"Article","@id":"https:\/\/www.caumont.com\/index.php\/2018\/09\/14\/71eme-salon-dautomne-de-saint-mande\/#article","isPartOf":{"@id":"https:\/\/www.caumont.com\/index.php\/2018\/09\/14\/71eme-salon-dautomne-de-saint-mande\/"},"author":{"name":"Liliane","@id":"https:\/\/www.caumont.com\/#\/schema\/person\/864cfdc4e071d73c29fa86875dfa836c"},"headline":"71\u00e8me SALON D&rsquo;AUTOMNE DE SAINT-MANDE","datePublished":"2018-09-14T17:19:28+00:00","dateModified":"2021-04-28T10:45:45+00:00","mainEntityOfPage":{"@id":"https:\/\/www.caumont.com\/index.php\/2018\/09\/14\/71eme-salon-dautomne-de-saint-mande\/"},"wordCount":93,"commentCount":0,"publisher":{"@id":"https:\/\/www.caumont.com\/#organization"},"keywords":["BLOG"],"articleSection":["expositions"],"inLanguage":"fr-FR","potentialAction":[{"@type":"CommentAction","name":"Comment","target":["https:\/\/www.caumont.com\/index.php\/2018\/09\/14\/71eme-salon-dautomne-de-saint-mande\/#respond"]}]},{"@type":"WebPage","@id":"https:\/\/www.caumont.com\/index.php\/2018\/09\/14\/71eme-salon-dautomne-de-saint-mande\/","url":"https:\/\/www.caumont.com\/index.php\/2018\/09\/14\/71eme-salon-dautomne-de-saint-mande\/","name":"71\u00e8me SALON D'AUTOMNE DE SAINT-MANDE - Liliane Caumont","isPartOf":{"@id":"https:\/\/www.caumont.com\/#website"},"datePublished":"2018-09-14T17:19:28+00:00","dateModified":"2021-04-28T10:45:45+00:00","breadcrumb":{"@id":"https:\/\/www.caumont.com\/index.php\/2018\/09\/14\/71eme-salon-dautomne-de-saint-mande\/#breadcrumb"},"inLanguage":"fr-FR","potentialAction":[{"@type":"ReadAction","target":["https:\/\/www.caumont.com\/index.php\/2018\/09\/14\/71eme-salon-dautomne-de-saint-mande\/"]}]},{"@type":"BreadcrumbList","@id":"https:\/\/www.caumont.com\/index.php\/2018\/09\/14\/71eme-salon-dautomne-de-saint-mande\/#breadcrumb","itemListElement":[{"@type":"ListItem","position":1,"name":"Accueil","item":"https:\/\/www.caumont.com\/"},{"@type":"ListItem","position":2,"name":"71\u00e8me SALON D&rsquo;AUTOMNE DE SAINT-MANDE"}]},{"@type":"WebSite","@id":"https:\/\/www.caumont.com\/#website","url":"https:\/\/www.caumont.com\/","name":"Liliane Caumont","description":"Sculptor","publisher":{"@id":"https:\/\/www.caumont.com\/#organization"},"potentialAction":[{"@type":"SearchAction","target":{"@type":"EntryPoint","urlTemplate":"https:\/\/www.caumont.com\/?s={search_term_string}"},"query-input":"required name=search_term_string"}],"inLanguage":"fr-FR"},{"@type":"Organization","@id":"https:\/\/www.caumont.com\/#organization","name":"Liliane Caumont","url":"https:\/\/www.caumont.com\/","logo":{"@type":"ImageObject","inLanguage":"fr-FR","@id":"https:\/\/www.caumont.com\/#\/schema\/logo\/image\/","url":"https:\/\/www.caumont.com\/wp-content\/uploads\/2018\/03\/FAVlili.png","contentUrl":"https:\/\/www.caumont.com\/wp-content\/uploads\/2018\/03\/FAVlili.png","width":501,"height":512,"caption":"Liliane Caumont"},"image":{"@id":"https:\/\/www.caumont.com\/#\/schema\/logo\/image\/"},"sameAs":["https:\/\/www.facebook.com\/lilianecaumont","https:\/\/www.instagram.com\/lilianecaumont\/"]},{"@type":"Person","@id":"https:\/\/www.caumont.com\/#\/schema\/person\/864cfdc4e071d73c29fa86875dfa836c","name":"Liliane","image":{"@type":"ImageObject","inLanguage":"fr-FR","@id":"https:\/\/www.caumont.com\/#\/schema\/person\/image\/","url":"https:\/\/secure.gravatar.com\/avatar\/44f9865a1ef48c7fafac077e66fdbd20?s=96&d=mm&r=g","contentUrl":"https:\/\/secure.gravatar.com\/avatar\/44f9865a1ef48c7fafac077e66fdbd20?s=96&d=mm&r=g","caption":"Liliane"},"description":"1972 . Liliane Caumont quitte Paris pour Madrid, puissante source d'inspiration et d\u00e9but d'une carri\u00e8re de sculptrice qui lui fera parcourir le monde et conna\u00eetre de la simple galerie d'art au Grand Palais de Paris o\u00f9 elle sera invit\u00e9e d'honneur. Son art a \u00e9volu\u00e9 de l'abstrait vers le figuratif, aussi, de la terre vers le bronze ; \u00e0 travers elle, l'\u00e9vocation de la place, du statut de la femme dans le monde interpelle dans la mise en sc\u00e8ne de ses personnages.","sameAs":["http:\/\/www.caumont.com"],"url":"https:\/\/www.caumont.com\/index.php\/author\/liliane\/"}]}},"_links":{"self":[{"href":"https:\/\/www.caumont.com\/index.php\/wp-json\/wp\/v2\/posts\/739"}],"collection":[{"href":"https:\/\/www.caumont.com\/index.php\/wp-json\/wp\/v2\/posts"}],"about":[{"href":"https:\/\/www.caumont.com\/index.php\/wp-json\/wp\/v2\/types\/post"}],"author":[{"embeddable":true,"href":"https:\/\/www.caumont.com\/index.php\/wp-json\/wp\/v2\/users\/1"}],"replies":[{"embeddable":true,"href":"https:\/\/www.caumont.com\/index.php\/wp-json\/wp\/v2\/comments?post=739"}],"version-history":[{"count":1,"href":"https:\/\/www.caumont.com\/index.php\/wp-json\/wp\/v2\/posts\/739\/revisions"}],"predecessor-version":[{"id":1225,"href":"https:\/\/www.caumont.com\/index.php\/wp-json\/wp\/v2\/posts\/739\/revisions\/1225"}],"wp:featuredmedia":[{"embeddable":true,"href":"https:\/\/www.caumont.com\/index.php\/wp-json\/wp\/v2\/media\/743"}],"wp:attachment":[{"href":"https:\/\/www.caumont.com\/index.php\/wp-json\/wp\/v2\/media?parent=739"}],"wp:term":[{"taxonomy":"category","embeddable":true,"href":"https:\/\/www.caumont.com\/index.php\/wp-json\/wp\/v2\/categories?post=739"},{"taxonomy":"post_tag","embeddable":true,"href":"https:\/\/www.caumont.com\/index.php\/wp-json\/wp\/v2\/tags?post=739"}],"curies":[{"name":"wp","href":"https:\/\/api.w.org\/{rel}","templated":true}]}}