{"id":684,"date":"2018-07-27T13:09:12","date_gmt":"2018-07-27T11:09:12","guid":{"rendered":"http:\/\/www.caumont.com\/?p=684"},"modified":"2018-07-29T16:28:37","modified_gmt":"2018-07-29T14:28:37","slug":"exposition-kunst-sommer-dillingen-allemagne","status":"publish","type":"post","link":"https:\/\/www.caumont.com\/index.php\/2018\/07\/27\/exposition-kunst-sommer-dillingen-allemagne\/","title":{"rendered":"Exposition Kunst Sommer Dillingen (Allemagne)"},"content":{"rendered":"<p>Du 25.07.2018 au 12.08.2018 j&rsquo;expose dans le salon d&rsquo;art de Dillingen au Lockschuppen ancienne friche industrielle convertie en salle d&rsquo;exposition.<br \/>\nC&rsquo;est mon ami Claus Z\u00f6llner qui m&rsquo;a invit\u00e9e pour participer \u00e0 ce salon d&rsquo;art qui r\u00e9unit de grands artistes tant peintres que sculpteurs. C&rsquo;est la premi\u00e8re fois que je vois la sculpture mise \u00e0 l&rsquo;honneur.<br \/>\nMerci \u00e0 Claus pour sa passion de l&rsquo;art, sa gentillesse et son admirable organisation. Cette exposition inclut \u00e9galement les derniers mod\u00e8les de Porsche, oeuvres d&rsquo;art sans aucun doute.<br \/>\nL&rsquo;exposition sera r\u00e9partie dans la ville de Dillingen du 21.08.2018 au 21.09.2018.<br \/>\nN&rsquo;h\u00e9sitez pas \u00e0 passer par l\u00e0 car la r\u00e9gion est magnifique. <img loading=\"lazy\" decoding=\"async\" class=\"alignnone size-medium wp-image-686\" src=\"https:\/\/www.caumont.com\/wp-content\/uploads\/2018\/07\/vernissage-1-300x225.jpg\" alt=\"\" width=\"300\" height=\"225\" srcset=\"https:\/\/www.caumont.com\/wp-content\/uploads\/2018\/07\/vernissage-1-300x225.jpg 300w, https:\/\/www.caumont.com\/wp-content\/uploads\/2018\/07\/vernissage-1.jpg 567w\" sizes=\"(max-width: 300px) 100vw, 300px\" \/><img loading=\"lazy\" decoding=\"async\" class=\"alignnone size-medium wp-image-687\" src=\"https:\/\/www.caumont.com\/wp-content\/uploads\/2018\/07\/les-artistes-300x225.jpg\" alt=\"\" width=\"300\" height=\"225\" srcset=\"https:\/\/www.caumont.com\/wp-content\/uploads\/2018\/07\/les-artistes-300x225.jpg 300w, https:\/\/www.caumont.com\/wp-content\/uploads\/2018\/07\/les-artistes.jpg 567w\" sizes=\"(max-width: 300px) 100vw, 300px\" \/><img loading=\"lazy\" decoding=\"async\" class=\"alignnone size-medium wp-image-688\" src=\"https:\/\/www.caumont.com\/wp-content\/uploads\/2018\/07\/moi-et-zollner-1-300x225.jpg\" alt=\"\" width=\"300\" height=\"225\" srcset=\"https:\/\/www.caumont.com\/wp-content\/uploads\/2018\/07\/moi-et-zollner-1-300x225.jpg 300w, https:\/\/www.caumont.com\/wp-content\/uploads\/2018\/07\/moi-et-zollner-1.jpg 567w\" sizes=\"(max-width: 300px) 100vw, 300px\" \/><img loading=\"lazy\" decoding=\"async\" class=\"alignnone size-medium wp-image-689\" src=\"https:\/\/www.caumont.com\/wp-content\/uploads\/2018\/07\/vernissage-2-300x225.jpg\" alt=\"\" width=\"300\" height=\"225\" srcset=\"https:\/\/www.caumont.com\/wp-content\/uploads\/2018\/07\/vernissage-2-300x225.jpg 300w, https:\/\/www.caumont.com\/wp-content\/uploads\/2018\/07\/vernissage-2.jpg 567w\" sizes=\"(max-width: 300px) 100vw, 300px\" \/><img loading=\"lazy\" decoding=\"async\" class=\"alignnone size-medium wp-image-690\" src=\"https:\/\/www.caumont.com\/wp-content\/uploads\/2018\/07\/vernissage-3-300x225.jpg\" alt=\"\" width=\"300\" height=\"225\" srcset=\"https:\/\/www.caumont.com\/wp-content\/uploads\/2018\/07\/vernissage-3-300x225.jpg 300w, https:\/\/www.caumont.com\/wp-content\/uploads\/2018\/07\/vernissage-3.jpg 567w\" sizes=\"(max-width: 300px) 100vw, 300px\" \/><img loading=\"lazy\" decoding=\"async\" class=\"alignnone size-medium wp-image-691\" src=\"https:\/\/www.caumont.com\/wp-content\/uploads\/2018\/07\/vernissage-4-300x225.jpg\" alt=\"\" width=\"300\" height=\"225\" srcset=\"https:\/\/www.caumont.com\/wp-content\/uploads\/2018\/07\/vernissage-4-300x225.jpg 300w, https:\/\/www.caumont.com\/wp-content\/uploads\/2018\/07\/vernissage-4.jpg 567w\" sizes=\"(max-width: 300px) 100vw, 300px\" \/><img loading=\"lazy\" decoding=\"async\" class=\"alignnone size-medium wp-image-692\" src=\"https:\/\/www.caumont.com\/wp-content\/uploads\/2018\/07\/vernissage-5-300x225.jpg\" alt=\"\" width=\"300\" height=\"225\" srcset=\"https:\/\/www.caumont.com\/wp-content\/uploads\/2018\/07\/vernissage-5-300x225.jpg 300w, https:\/\/www.caumont.com\/wp-content\/uploads\/2018\/07\/vernissage-5.jpg 567w\" sizes=\"(max-width: 300px) 100vw, 300px\" \/><img loading=\"lazy\" decoding=\"async\" class=\"alignnone size-medium wp-image-693\" src=\"https:\/\/www.caumont.com\/wp-content\/uploads\/2018\/07\/vernissage-6-300x225.jpg\" alt=\"\" width=\"300\" height=\"225\" srcset=\"https:\/\/www.caumont.com\/wp-content\/uploads\/2018\/07\/vernissage-6-300x225.jpg 300w, https:\/\/www.caumont.com\/wp-content\/uploads\/2018\/07\/vernissage-6.jpg 567w\" sizes=\"(max-width: 300px) 100vw, 300px\" \/><\/p>\n","protected":false},"excerpt":{"rendered":"<p>Du 25.07.2018 au 12.08.2018 j&rsquo;expose dans le salon d&rsquo;art de Dillingen au Lockschuppen ancienne friche industrielle convertie en salle d&rsquo;exposition. C&rsquo;est mon ami Claus Z\u00f6llner qui m&rsquo;a invit\u00e9e pour participer \u00e0 ce salon d&rsquo;art qui<br \/><a class=\"read-more\" href=\"https:\/\/www.caumont.com\/index.php\/2018\/07\/27\/exposition-kunst-sommer-dillingen-allemagne\/\">Read More<\/a><\/p>\n","protected":false},"author":1,"featured_media":688,"comment_status":"open","ping_status":"open","sticky":false,"template":"","format":"standard","meta":{"footnotes":""},"categories":[40,1],"tags":[],"yoast_head":"<!-- This site is optimized with the Yoast SEO plugin v21.7 - https:\/\/yoast.com\/wordpress\/plugins\/seo\/ -->\n<title>Exposition Kunst Sommer Dillingen (Allemagne) - Liliane Caumont<\/title>\n<meta name=\"robots\" content=\"index, follow, max-snippet:-1, max-image-preview:large, max-video-preview:-1\" \/>\n<link rel=\"canonical\" href=\"https:\/\/www.caumont.com\/index.php\/2018\/07\/27\/exposition-kunst-sommer-dillingen-allemagne\/\" \/>\n<meta property=\"og:locale\" content=\"fr_FR\" \/>\n<meta property=\"og:type\" content=\"article\" \/>\n<meta property=\"og:title\" content=\"Exposition Kunst Sommer Dillingen (Allemagne) - Liliane Caumont\" \/>\n<meta property=\"og:description\" content=\"Du 25.07.2018 au 12.08.2018 j&rsquo;expose dans le salon d&rsquo;art de Dillingen au Lockschuppen ancienne friche industrielle convertie en salle d&rsquo;exposition. C&rsquo;est mon ami Claus Z\u00f6llner qui m&rsquo;a invit\u00e9e pour participer \u00e0 ce salon d&rsquo;art quiRead More\" \/>\n<meta property=\"og:url\" content=\"https:\/\/www.caumont.com\/index.php\/2018\/07\/27\/exposition-kunst-sommer-dillingen-allemagne\/\" \/>\n<meta property=\"og:site_name\" content=\"Liliane Caumont\" \/>\n<meta property=\"article:publisher\" content=\"https:\/\/www.facebook.com\/lilianecaumont\" \/>\n<meta property=\"article:published_time\" content=\"2018-07-27T11:09:12+00:00\" \/>\n<meta property=\"article:modified_time\" content=\"2018-07-29T14:28:37+00:00\" \/>\n<meta property=\"og:image\" content=\"https:\/\/www.caumont.com\/wp-content\/uploads\/2018\/07\/moi-et-zollner-1.jpg\" \/>\n\t<meta property=\"og:image:width\" content=\"567\" \/>\n\t<meta property=\"og:image:height\" content=\"425\" \/>\n\t<meta property=\"og:image:type\" content=\"image\/jpeg\" \/>\n<meta name=\"author\" content=\"Liliane\" \/>\n<meta name=\"twitter:card\" content=\"summary_large_image\" \/>\n<meta name=\"twitter:label1\" content=\"\u00c9crit par\" \/>\n\t<meta name=\"twitter:data1\" content=\"Liliane\" \/>\n\t<meta name=\"twitter:label2\" content=\"Dur\u00e9e de lecture estim\u00e9e\" \/>\n\t<meta name=\"twitter:data2\" content=\"1 minute\" \/>\n<script type=\"application\/ld+json\" class=\"yoast-schema-graph\">{\"@context\":\"https:\/\/schema.org\",\"@graph\":[{\"@type\":\"Article\",\"@id\":\"https:\/\/www.caumont.com\/index.php\/2018\/07\/27\/exposition-kunst-sommer-dillingen-allemagne\/#article\",\"isPartOf\":{\"@id\":\"https:\/\/www.caumont.com\/index.php\/2018\/07\/27\/exposition-kunst-sommer-dillingen-allemagne\/\"},\"author\":{\"name\":\"Liliane\",\"@id\":\"https:\/\/www.caumont.com\/#\/schema\/person\/864cfdc4e071d73c29fa86875dfa836c\"},\"headline\":\"Exposition Kunst Sommer Dillingen (Allemagne)\",\"datePublished\":\"2018-07-27T11:09:12+00:00\",\"dateModified\":\"2018-07-29T14:28:37+00:00\",\"mainEntityOfPage\":{\"@id\":\"https:\/\/www.caumont.com\/index.php\/2018\/07\/27\/exposition-kunst-sommer-dillingen-allemagne\/\"},\"wordCount\":111,\"commentCount\":0,\"publisher\":{\"@id\":\"https:\/\/www.caumont.com\/#organization\"},\"articleSection\":[\"expositions\"],\"inLanguage\":\"fr-FR\",\"potentialAction\":[{\"@type\":\"CommentAction\",\"name\":\"Comment\",\"target\":[\"https:\/\/www.caumont.com\/index.php\/2018\/07\/27\/exposition-kunst-sommer-dillingen-allemagne\/#respond\"]}]},{\"@type\":\"WebPage\",\"@id\":\"https:\/\/www.caumont.com\/index.php\/2018\/07\/27\/exposition-kunst-sommer-dillingen-allemagne\/\",\"url\":\"https:\/\/www.caumont.com\/index.php\/2018\/07\/27\/exposition-kunst-sommer-dillingen-allemagne\/\",\"name\":\"Exposition Kunst Sommer Dillingen (Allemagne) - Liliane Caumont\",\"isPartOf\":{\"@id\":\"https:\/\/www.caumont.com\/#website\"},\"datePublished\":\"2018-07-27T11:09:12+00:00\",\"dateModified\":\"2018-07-29T14:28:37+00:00\",\"breadcrumb\":{\"@id\":\"https:\/\/www.caumont.com\/index.php\/2018\/07\/27\/exposition-kunst-sommer-dillingen-allemagne\/#breadcrumb\"},\"inLanguage\":\"fr-FR\",\"potentialAction\":[{\"@type\":\"ReadAction\",\"target\":[\"https:\/\/www.caumont.com\/index.php\/2018\/07\/27\/exposition-kunst-sommer-dillingen-allemagne\/\"]}]},{\"@type\":\"BreadcrumbList\",\"@id\":\"https:\/\/www.caumont.com\/index.php\/2018\/07\/27\/exposition-kunst-sommer-dillingen-allemagne\/#breadcrumb\",\"itemListElement\":[{\"@type\":\"ListItem\",\"position\":1,\"name\":\"Accueil\",\"item\":\"https:\/\/www.caumont.com\/\"},{\"@type\":\"ListItem\",\"position\":2,\"name\":\"Exposition Kunst Sommer Dillingen (Allemagne)\"}]},{\"@type\":\"WebSite\",\"@id\":\"https:\/\/www.caumont.com\/#website\",\"url\":\"https:\/\/www.caumont.com\/\",\"name\":\"Liliane Caumont\",\"description\":\"Sculptor\",\"publisher\":{\"@id\":\"https:\/\/www.caumont.com\/#organization\"},\"potentialAction\":[{\"@type\":\"SearchAction\",\"target\":{\"@type\":\"EntryPoint\",\"urlTemplate\":\"https:\/\/www.caumont.com\/?s={search_term_string}\"},\"query-input\":\"required name=search_term_string\"}],\"inLanguage\":\"fr-FR\"},{\"@type\":\"Organization\",\"@id\":\"https:\/\/www.caumont.com\/#organization\",\"name\":\"Liliane Caumont\",\"url\":\"https:\/\/www.caumont.com\/\",\"logo\":{\"@type\":\"ImageObject\",\"inLanguage\":\"fr-FR\",\"@id\":\"https:\/\/www.caumont.com\/#\/schema\/logo\/image\/\",\"url\":\"https:\/\/www.caumont.com\/wp-content\/uploads\/2018\/03\/FAVlili.png\",\"contentUrl\":\"https:\/\/www.caumont.com\/wp-content\/uploads\/2018\/03\/FAVlili.png\",\"width\":501,\"height\":512,\"caption\":\"Liliane Caumont\"},\"image\":{\"@id\":\"https:\/\/www.caumont.com\/#\/schema\/logo\/image\/\"},\"sameAs\":[\"https:\/\/www.facebook.com\/lilianecaumont\",\"https:\/\/www.instagram.com\/lilianecaumont\/\"]},{\"@type\":\"Person\",\"@id\":\"https:\/\/www.caumont.com\/#\/schema\/person\/864cfdc4e071d73c29fa86875dfa836c\",\"name\":\"Liliane\",\"image\":{\"@type\":\"ImageObject\",\"inLanguage\":\"fr-FR\",\"@id\":\"https:\/\/www.caumont.com\/#\/schema\/person\/image\/\",\"url\":\"https:\/\/secure.gravatar.com\/avatar\/44f9865a1ef48c7fafac077e66fdbd20?s=96&d=mm&r=g\",\"contentUrl\":\"https:\/\/secure.gravatar.com\/avatar\/44f9865a1ef48c7fafac077e66fdbd20?s=96&d=mm&r=g\",\"caption\":\"Liliane\"},\"description\":\"1972 . Liliane Caumont quitte Paris pour Madrid, puissante source d'inspiration et d\u00e9but d'une carri\u00e8re de sculptrice qui lui fera parcourir le monde et conna\u00eetre de la simple galerie d'art au Grand Palais de Paris o\u00f9 elle sera invit\u00e9e d'honneur. Son art a \u00e9volu\u00e9 de l'abstrait vers le figuratif, aussi, de la terre vers le bronze ; \u00e0 travers elle, l'\u00e9vocation de la place, du statut de la femme dans le monde interpelle dans la mise en sc\u00e8ne de ses personnages.\",\"sameAs\":[\"http:\/\/www.caumont.com\"],\"url\":\"https:\/\/www.caumont.com\/index.php\/author\/liliane\/\"}]}<\/script>\n<!-- \/ Yoast SEO plugin. -->","yoast_head_json":{"title":"Exposition Kunst Sommer Dillingen (Allemagne) - Liliane Caumont","robots":{"index":"index","follow":"follow","max-snippet":"max-snippet:-1","max-image-preview":"max-image-preview:large","max-video-preview":"max-video-preview:-1"},"canonical":"https:\/\/www.caumont.com\/index.php\/2018\/07\/27\/exposition-kunst-sommer-dillingen-allemagne\/","og_locale":"fr_FR","og_type":"article","og_title":"Exposition Kunst Sommer Dillingen (Allemagne) - Liliane Caumont","og_description":"Du 25.07.2018 au 12.08.2018 j&rsquo;expose dans le salon d&rsquo;art de Dillingen au Lockschuppen ancienne friche industrielle convertie en salle d&rsquo;exposition. C&rsquo;est mon ami Claus Z\u00f6llner qui m&rsquo;a invit\u00e9e pour participer \u00e0 ce salon d&rsquo;art quiRead More","og_url":"https:\/\/www.caumont.com\/index.php\/2018\/07\/27\/exposition-kunst-sommer-dillingen-allemagne\/","og_site_name":"Liliane Caumont","article_publisher":"https:\/\/www.facebook.com\/lilianecaumont","article_published_time":"2018-07-27T11:09:12+00:00","article_modified_time":"2018-07-29T14:28:37+00:00","og_image":[{"width":567,"height":425,"url":"https:\/\/www.caumont.com\/wp-content\/uploads\/2018\/07\/moi-et-zollner-1.jpg","type":"image\/jpeg"}],"author":"Liliane","twitter_card":"summary_large_image","twitter_misc":{"\u00c9crit par":"Liliane","Dur\u00e9e de lecture estim\u00e9e":"1 minute"},"schema":{"@context":"https:\/\/schema.org","@graph":[{"@type":"Article","@id":"https:\/\/www.caumont.com\/index.php\/2018\/07\/27\/exposition-kunst-sommer-dillingen-allemagne\/#article","isPartOf":{"@id":"https:\/\/www.caumont.com\/index.php\/2018\/07\/27\/exposition-kunst-sommer-dillingen-allemagne\/"},"author":{"name":"Liliane","@id":"https:\/\/www.caumont.com\/#\/schema\/person\/864cfdc4e071d73c29fa86875dfa836c"},"headline":"Exposition Kunst Sommer Dillingen (Allemagne)","datePublished":"2018-07-27T11:09:12+00:00","dateModified":"2018-07-29T14:28:37+00:00","mainEntityOfPage":{"@id":"https:\/\/www.caumont.com\/index.php\/2018\/07\/27\/exposition-kunst-sommer-dillingen-allemagne\/"},"wordCount":111,"commentCount":0,"publisher":{"@id":"https:\/\/www.caumont.com\/#organization"},"articleSection":["expositions"],"inLanguage":"fr-FR","potentialAction":[{"@type":"CommentAction","name":"Comment","target":["https:\/\/www.caumont.com\/index.php\/2018\/07\/27\/exposition-kunst-sommer-dillingen-allemagne\/#respond"]}]},{"@type":"WebPage","@id":"https:\/\/www.caumont.com\/index.php\/2018\/07\/27\/exposition-kunst-sommer-dillingen-allemagne\/","url":"https:\/\/www.caumont.com\/index.php\/2018\/07\/27\/exposition-kunst-sommer-dillingen-allemagne\/","name":"Exposition Kunst Sommer Dillingen (Allemagne) - Liliane Caumont","isPartOf":{"@id":"https:\/\/www.caumont.com\/#website"},"datePublished":"2018-07-27T11:09:12+00:00","dateModified":"2018-07-29T14:28:37+00:00","breadcrumb":{"@id":"https:\/\/www.caumont.com\/index.php\/2018\/07\/27\/exposition-kunst-sommer-dillingen-allemagne\/#breadcrumb"},"inLanguage":"fr-FR","potentialAction":[{"@type":"ReadAction","target":["https:\/\/www.caumont.com\/index.php\/2018\/07\/27\/exposition-kunst-sommer-dillingen-allemagne\/"]}]},{"@type":"BreadcrumbList","@id":"https:\/\/www.caumont.com\/index.php\/2018\/07\/27\/exposition-kunst-sommer-dillingen-allemagne\/#breadcrumb","itemListElement":[{"@type":"ListItem","position":1,"name":"Accueil","item":"https:\/\/www.caumont.com\/"},{"@type":"ListItem","position":2,"name":"Exposition Kunst Sommer Dillingen (Allemagne)"}]},{"@type":"WebSite","@id":"https:\/\/www.caumont.com\/#website","url":"https:\/\/www.caumont.com\/","name":"Liliane Caumont","description":"Sculptor","publisher":{"@id":"https:\/\/www.caumont.com\/#organization"},"potentialAction":[{"@type":"SearchAction","target":{"@type":"EntryPoint","urlTemplate":"https:\/\/www.caumont.com\/?s={search_term_string}"},"query-input":"required name=search_term_string"}],"inLanguage":"fr-FR"},{"@type":"Organization","@id":"https:\/\/www.caumont.com\/#organization","name":"Liliane Caumont","url":"https:\/\/www.caumont.com\/","logo":{"@type":"ImageObject","inLanguage":"fr-FR","@id":"https:\/\/www.caumont.com\/#\/schema\/logo\/image\/","url":"https:\/\/www.caumont.com\/wp-content\/uploads\/2018\/03\/FAVlili.png","contentUrl":"https:\/\/www.caumont.com\/wp-content\/uploads\/2018\/03\/FAVlili.png","width":501,"height":512,"caption":"Liliane Caumont"},"image":{"@id":"https:\/\/www.caumont.com\/#\/schema\/logo\/image\/"},"sameAs":["https:\/\/www.facebook.com\/lilianecaumont","https:\/\/www.instagram.com\/lilianecaumont\/"]},{"@type":"Person","@id":"https:\/\/www.caumont.com\/#\/schema\/person\/864cfdc4e071d73c29fa86875dfa836c","name":"Liliane","image":{"@type":"ImageObject","inLanguage":"fr-FR","@id":"https:\/\/www.caumont.com\/#\/schema\/person\/image\/","url":"https:\/\/secure.gravatar.com\/avatar\/44f9865a1ef48c7fafac077e66fdbd20?s=96&d=mm&r=g","contentUrl":"https:\/\/secure.gravatar.com\/avatar\/44f9865a1ef48c7fafac077e66fdbd20?s=96&d=mm&r=g","caption":"Liliane"},"description":"1972 . Liliane Caumont quitte Paris pour Madrid, puissante source d'inspiration et d\u00e9but d'une carri\u00e8re de sculptrice qui lui fera parcourir le monde et conna\u00eetre de la simple galerie d'art au Grand Palais de Paris o\u00f9 elle sera invit\u00e9e d'honneur. Son art a \u00e9volu\u00e9 de l'abstrait vers le figuratif, aussi, de la terre vers le bronze ; \u00e0 travers elle, l'\u00e9vocation de la place, du statut de la femme dans le monde interpelle dans la mise en sc\u00e8ne de ses personnages.","sameAs":["http:\/\/www.caumont.com"],"url":"https:\/\/www.caumont.com\/index.php\/author\/liliane\/"}]}},"_links":{"self":[{"href":"https:\/\/www.caumont.com\/index.php\/wp-json\/wp\/v2\/posts\/684"}],"collection":[{"href":"https:\/\/www.caumont.com\/index.php\/wp-json\/wp\/v2\/posts"}],"about":[{"href":"https:\/\/www.caumont.com\/index.php\/wp-json\/wp\/v2\/types\/post"}],"author":[{"embeddable":true,"href":"https:\/\/www.caumont.com\/index.php\/wp-json\/wp\/v2\/users\/1"}],"replies":[{"embeddable":true,"href":"https:\/\/www.caumont.com\/index.php\/wp-json\/wp\/v2\/comments?post=684"}],"version-history":[{"count":0,"href":"https:\/\/www.caumont.com\/index.php\/wp-json\/wp\/v2\/posts\/684\/revisions"}],"wp:featuredmedia":[{"embeddable":true,"href":"https:\/\/www.caumont.com\/index.php\/wp-json\/wp\/v2\/media\/688"}],"wp:attachment":[{"href":"https:\/\/www.caumont.com\/index.php\/wp-json\/wp\/v2\/media?parent=684"}],"wp:term":[{"taxonomy":"category","embeddable":true,"href":"https:\/\/www.caumont.com\/index.php\/wp-json\/wp\/v2\/categories?post=684"},{"taxonomy":"post_tag","embeddable":true,"href":"https:\/\/www.caumont.com\/index.php\/wp-json\/wp\/v2\/tags?post=684"}],"curies":[{"name":"wp","href":"https:\/\/api.w.org\/{rel}","templated":true}]}}