{"id":661,"date":"2018-05-14T17:40:54","date_gmt":"2018-05-14T15:40:54","guid":{"rendered":"http:\/\/www.caumont.com\/?p=661"},"modified":"2018-07-29T16:10:32","modified_gmt":"2018-07-29T14:10:32","slug":"exposition-avec-le-groupe-pair-pro-arte-imaginis-realistes-au-luxembourg","status":"publish","type":"post","link":"https:\/\/www.caumont.com\/index.php\/2018\/05\/14\/exposition-avec-le-groupe-pair-pro-arte-imaginis-realistes-au-luxembourg\/","title":{"rendered":"Exposition avec le Groupe PAIR (Pro Arte Imaginis R\u00e9alistes) au Luxembourg"},"content":{"rendered":"<p>Je participe avec 11 autres artistes du Groupe PAIR au Salon International d&rsquo;Art Contemporain organis\u00e9 par Art3f \u00a0qui se tiendra dans le parc expo au Luxembourg du 1er au 3 juin 2018.<\/p>\n<p>Je pr\u00e9sente cinq sculptures dont trois marcheuses de ma derni\u00e8re cr\u00e9ation: la marcheuse 5, 7 et 8 ainsi que le retour d&rsquo;Ulysse et le regard 2.<\/p>\n<p>Les heures d&rsquo;ouverture sont: vendredi de 16h \u00e0 23h<\/p>\n<p>samedi de 11h \u00e0 19h<\/p>\n<p>dimanche de 11h \u00e0 19h\u00a0<img loading=\"lazy\" decoding=\"async\" class=\"alignnone size-medium wp-image-662\" src=\"https:\/\/www.caumont.com\/wp-content\/uploads\/2018\/05\/marcheur-5-1-reduite-200x300.jpg\" alt=\"\" width=\"200\" height=\"300\" srcset=\"https:\/\/www.caumont.com\/wp-content\/uploads\/2018\/05\/marcheur-5-1-reduite-200x300.jpg 200w, https:\/\/www.caumont.com\/wp-content\/uploads\/2018\/05\/marcheur-5-1-reduite.jpg 378w\" sizes=\"(max-width: 200px) 100vw, 200px\" \/><\/p>\n","protected":false},"excerpt":{"rendered":"<p>Je participe avec 11 autres artistes du Groupe PAIR au Salon International d&rsquo;Art Contemporain organis\u00e9 par Art3f \u00a0qui se tiendra dans le parc expo au Luxembourg du 1er au 3 juin 2018. Je pr\u00e9sente cinq<br \/><a class=\"read-more\" href=\"https:\/\/www.caumont.com\/index.php\/2018\/05\/14\/exposition-avec-le-groupe-pair-pro-arte-imaginis-realistes-au-luxembourg\/\">Read More<\/a><\/p>\n","protected":false},"author":1,"featured_media":662,"comment_status":"open","ping_status":"open","sticky":false,"template":"","format":"standard","meta":{"footnotes":""},"categories":[40,1],"tags":[],"yoast_head":"<!-- This site is optimized with the Yoast SEO plugin v21.7 - https:\/\/yoast.com\/wordpress\/plugins\/seo\/ -->\n<title>Exposition avec le Groupe PAIR (Pro Arte Imaginis R\u00e9alistes) au Luxembourg - Liliane Caumont<\/title>\n<meta name=\"robots\" content=\"index, follow, max-snippet:-1, max-image-preview:large, max-video-preview:-1\" \/>\n<link rel=\"canonical\" href=\"https:\/\/www.caumont.com\/index.php\/2018\/05\/14\/exposition-avec-le-groupe-pair-pro-arte-imaginis-realistes-au-luxembourg\/\" \/>\n<meta property=\"og:locale\" content=\"fr_FR\" \/>\n<meta property=\"og:type\" content=\"article\" \/>\n<meta property=\"og:title\" content=\"Exposition avec le Groupe PAIR (Pro Arte Imaginis R\u00e9alistes) au Luxembourg - Liliane Caumont\" \/>\n<meta property=\"og:description\" content=\"Je participe avec 11 autres artistes du Groupe PAIR au Salon International d&rsquo;Art Contemporain organis\u00e9 par Art3f \u00a0qui se tiendra dans le parc expo au Luxembourg du 1er au 3 juin 2018. Je pr\u00e9sente cinqRead More\" \/>\n<meta property=\"og:url\" content=\"https:\/\/www.caumont.com\/index.php\/2018\/05\/14\/exposition-avec-le-groupe-pair-pro-arte-imaginis-realistes-au-luxembourg\/\" \/>\n<meta property=\"og:site_name\" content=\"Liliane Caumont\" \/>\n<meta property=\"article:publisher\" content=\"https:\/\/www.facebook.com\/lilianecaumont\" \/>\n<meta property=\"article:published_time\" content=\"2018-05-14T15:40:54+00:00\" \/>\n<meta property=\"article:modified_time\" content=\"2018-07-29T14:10:32+00:00\" \/>\n<meta property=\"og:image\" content=\"https:\/\/www.caumont.com\/wp-content\/uploads\/2018\/05\/marcheur-5-1-reduite.jpg\" \/>\n\t<meta property=\"og:image:width\" content=\"378\" \/>\n\t<meta property=\"og:image:height\" content=\"567\" \/>\n\t<meta property=\"og:image:type\" content=\"image\/jpeg\" \/>\n<meta name=\"author\" content=\"Liliane\" \/>\n<meta name=\"twitter:card\" content=\"summary_large_image\" \/>\n<meta name=\"twitter:label1\" content=\"\u00c9crit par\" \/>\n\t<meta name=\"twitter:data1\" content=\"Liliane\" \/>\n<script type=\"application\/ld+json\" class=\"yoast-schema-graph\">{\"@context\":\"https:\/\/schema.org\",\"@graph\":[{\"@type\":\"Article\",\"@id\":\"https:\/\/www.caumont.com\/index.php\/2018\/05\/14\/exposition-avec-le-groupe-pair-pro-arte-imaginis-realistes-au-luxembourg\/#article\",\"isPartOf\":{\"@id\":\"https:\/\/www.caumont.com\/index.php\/2018\/05\/14\/exposition-avec-le-groupe-pair-pro-arte-imaginis-realistes-au-luxembourg\/\"},\"author\":{\"name\":\"Liliane\",\"@id\":\"https:\/\/www.caumont.com\/#\/schema\/person\/864cfdc4e071d73c29fa86875dfa836c\"},\"headline\":\"Exposition avec le Groupe PAIR (Pro Arte Imaginis R\u00e9alistes) au Luxembourg\",\"datePublished\":\"2018-05-14T15:40:54+00:00\",\"dateModified\":\"2018-07-29T14:10:32+00:00\",\"mainEntityOfPage\":{\"@id\":\"https:\/\/www.caumont.com\/index.php\/2018\/05\/14\/exposition-avec-le-groupe-pair-pro-arte-imaginis-realistes-au-luxembourg\/\"},\"wordCount\":83,\"commentCount\":0,\"publisher\":{\"@id\":\"https:\/\/www.caumont.com\/#organization\"},\"articleSection\":[\"expositions\"],\"inLanguage\":\"fr-FR\",\"potentialAction\":[{\"@type\":\"CommentAction\",\"name\":\"Comment\",\"target\":[\"https:\/\/www.caumont.com\/index.php\/2018\/05\/14\/exposition-avec-le-groupe-pair-pro-arte-imaginis-realistes-au-luxembourg\/#respond\"]}]},{\"@type\":\"WebPage\",\"@id\":\"https:\/\/www.caumont.com\/index.php\/2018\/05\/14\/exposition-avec-le-groupe-pair-pro-arte-imaginis-realistes-au-luxembourg\/\",\"url\":\"https:\/\/www.caumont.com\/index.php\/2018\/05\/14\/exposition-avec-le-groupe-pair-pro-arte-imaginis-realistes-au-luxembourg\/\",\"name\":\"Exposition avec le Groupe PAIR (Pro Arte Imaginis R\u00e9alistes) au Luxembourg - Liliane Caumont\",\"isPartOf\":{\"@id\":\"https:\/\/www.caumont.com\/#website\"},\"datePublished\":\"2018-05-14T15:40:54+00:00\",\"dateModified\":\"2018-07-29T14:10:32+00:00\",\"breadcrumb\":{\"@id\":\"https:\/\/www.caumont.com\/index.php\/2018\/05\/14\/exposition-avec-le-groupe-pair-pro-arte-imaginis-realistes-au-luxembourg\/#breadcrumb\"},\"inLanguage\":\"fr-FR\",\"potentialAction\":[{\"@type\":\"ReadAction\",\"target\":[\"https:\/\/www.caumont.com\/index.php\/2018\/05\/14\/exposition-avec-le-groupe-pair-pro-arte-imaginis-realistes-au-luxembourg\/\"]}]},{\"@type\":\"BreadcrumbList\",\"@id\":\"https:\/\/www.caumont.com\/index.php\/2018\/05\/14\/exposition-avec-le-groupe-pair-pro-arte-imaginis-realistes-au-luxembourg\/#breadcrumb\",\"itemListElement\":[{\"@type\":\"ListItem\",\"position\":1,\"name\":\"Accueil\",\"item\":\"https:\/\/www.caumont.com\/\"},{\"@type\":\"ListItem\",\"position\":2,\"name\":\"Exposition avec le Groupe PAIR (Pro Arte Imaginis R\u00e9alistes) au Luxembourg\"}]},{\"@type\":\"WebSite\",\"@id\":\"https:\/\/www.caumont.com\/#website\",\"url\":\"https:\/\/www.caumont.com\/\",\"name\":\"Liliane Caumont\",\"description\":\"Sculptor\",\"publisher\":{\"@id\":\"https:\/\/www.caumont.com\/#organization\"},\"potentialAction\":[{\"@type\":\"SearchAction\",\"target\":{\"@type\":\"EntryPoint\",\"urlTemplate\":\"https:\/\/www.caumont.com\/?s={search_term_string}\"},\"query-input\":\"required name=search_term_string\"}],\"inLanguage\":\"fr-FR\"},{\"@type\":\"Organization\",\"@id\":\"https:\/\/www.caumont.com\/#organization\",\"name\":\"Liliane Caumont\",\"url\":\"https:\/\/www.caumont.com\/\",\"logo\":{\"@type\":\"ImageObject\",\"inLanguage\":\"fr-FR\",\"@id\":\"https:\/\/www.caumont.com\/#\/schema\/logo\/image\/\",\"url\":\"https:\/\/www.caumont.com\/wp-content\/uploads\/2018\/03\/FAVlili.png\",\"contentUrl\":\"https:\/\/www.caumont.com\/wp-content\/uploads\/2018\/03\/FAVlili.png\",\"width\":501,\"height\":512,\"caption\":\"Liliane Caumont\"},\"image\":{\"@id\":\"https:\/\/www.caumont.com\/#\/schema\/logo\/image\/\"},\"sameAs\":[\"https:\/\/www.facebook.com\/lilianecaumont\",\"https:\/\/www.instagram.com\/lilianecaumont\/\"]},{\"@type\":\"Person\",\"@id\":\"https:\/\/www.caumont.com\/#\/schema\/person\/864cfdc4e071d73c29fa86875dfa836c\",\"name\":\"Liliane\",\"image\":{\"@type\":\"ImageObject\",\"inLanguage\":\"fr-FR\",\"@id\":\"https:\/\/www.caumont.com\/#\/schema\/person\/image\/\",\"url\":\"https:\/\/secure.gravatar.com\/avatar\/44f9865a1ef48c7fafac077e66fdbd20?s=96&d=mm&r=g\",\"contentUrl\":\"https:\/\/secure.gravatar.com\/avatar\/44f9865a1ef48c7fafac077e66fdbd20?s=96&d=mm&r=g\",\"caption\":\"Liliane\"},\"description\":\"1972 . Liliane Caumont quitte Paris pour Madrid, puissante source d'inspiration et d\u00e9but d'une carri\u00e8re de sculptrice qui lui fera parcourir le monde et conna\u00eetre de la simple galerie d'art au Grand Palais de Paris o\u00f9 elle sera invit\u00e9e d'honneur. Son art a \u00e9volu\u00e9 de l'abstrait vers le figuratif, aussi, de la terre vers le bronze ; \u00e0 travers elle, l'\u00e9vocation de la place, du statut de la femme dans le monde interpelle dans la mise en sc\u00e8ne de ses personnages.\",\"sameAs\":[\"http:\/\/www.caumont.com\"],\"url\":\"https:\/\/www.caumont.com\/index.php\/author\/liliane\/\"}]}<\/script>\n<!-- \/ Yoast SEO plugin. -->","yoast_head_json":{"title":"Exposition avec le Groupe PAIR (Pro Arte Imaginis R\u00e9alistes) au Luxembourg - Liliane Caumont","robots":{"index":"index","follow":"follow","max-snippet":"max-snippet:-1","max-image-preview":"max-image-preview:large","max-video-preview":"max-video-preview:-1"},"canonical":"https:\/\/www.caumont.com\/index.php\/2018\/05\/14\/exposition-avec-le-groupe-pair-pro-arte-imaginis-realistes-au-luxembourg\/","og_locale":"fr_FR","og_type":"article","og_title":"Exposition avec le Groupe PAIR (Pro Arte Imaginis R\u00e9alistes) au Luxembourg - Liliane Caumont","og_description":"Je participe avec 11 autres artistes du Groupe PAIR au Salon International d&rsquo;Art Contemporain organis\u00e9 par Art3f \u00a0qui se tiendra dans le parc expo au Luxembourg du 1er au 3 juin 2018. Je pr\u00e9sente cinqRead More","og_url":"https:\/\/www.caumont.com\/index.php\/2018\/05\/14\/exposition-avec-le-groupe-pair-pro-arte-imaginis-realistes-au-luxembourg\/","og_site_name":"Liliane Caumont","article_publisher":"https:\/\/www.facebook.com\/lilianecaumont","article_published_time":"2018-05-14T15:40:54+00:00","article_modified_time":"2018-07-29T14:10:32+00:00","og_image":[{"width":378,"height":567,"url":"https:\/\/www.caumont.com\/wp-content\/uploads\/2018\/05\/marcheur-5-1-reduite.jpg","type":"image\/jpeg"}],"author":"Liliane","twitter_card":"summary_large_image","twitter_misc":{"\u00c9crit par":"Liliane"},"schema":{"@context":"https:\/\/schema.org","@graph":[{"@type":"Article","@id":"https:\/\/www.caumont.com\/index.php\/2018\/05\/14\/exposition-avec-le-groupe-pair-pro-arte-imaginis-realistes-au-luxembourg\/#article","isPartOf":{"@id":"https:\/\/www.caumont.com\/index.php\/2018\/05\/14\/exposition-avec-le-groupe-pair-pro-arte-imaginis-realistes-au-luxembourg\/"},"author":{"name":"Liliane","@id":"https:\/\/www.caumont.com\/#\/schema\/person\/864cfdc4e071d73c29fa86875dfa836c"},"headline":"Exposition avec le Groupe PAIR (Pro Arte Imaginis R\u00e9alistes) au Luxembourg","datePublished":"2018-05-14T15:40:54+00:00","dateModified":"2018-07-29T14:10:32+00:00","mainEntityOfPage":{"@id":"https:\/\/www.caumont.com\/index.php\/2018\/05\/14\/exposition-avec-le-groupe-pair-pro-arte-imaginis-realistes-au-luxembourg\/"},"wordCount":83,"commentCount":0,"publisher":{"@id":"https:\/\/www.caumont.com\/#organization"},"articleSection":["expositions"],"inLanguage":"fr-FR","potentialAction":[{"@type":"CommentAction","name":"Comment","target":["https:\/\/www.caumont.com\/index.php\/2018\/05\/14\/exposition-avec-le-groupe-pair-pro-arte-imaginis-realistes-au-luxembourg\/#respond"]}]},{"@type":"WebPage","@id":"https:\/\/www.caumont.com\/index.php\/2018\/05\/14\/exposition-avec-le-groupe-pair-pro-arte-imaginis-realistes-au-luxembourg\/","url":"https:\/\/www.caumont.com\/index.php\/2018\/05\/14\/exposition-avec-le-groupe-pair-pro-arte-imaginis-realistes-au-luxembourg\/","name":"Exposition avec le Groupe PAIR (Pro Arte Imaginis R\u00e9alistes) au Luxembourg - Liliane Caumont","isPartOf":{"@id":"https:\/\/www.caumont.com\/#website"},"datePublished":"2018-05-14T15:40:54+00:00","dateModified":"2018-07-29T14:10:32+00:00","breadcrumb":{"@id":"https:\/\/www.caumont.com\/index.php\/2018\/05\/14\/exposition-avec-le-groupe-pair-pro-arte-imaginis-realistes-au-luxembourg\/#breadcrumb"},"inLanguage":"fr-FR","potentialAction":[{"@type":"ReadAction","target":["https:\/\/www.caumont.com\/index.php\/2018\/05\/14\/exposition-avec-le-groupe-pair-pro-arte-imaginis-realistes-au-luxembourg\/"]}]},{"@type":"BreadcrumbList","@id":"https:\/\/www.caumont.com\/index.php\/2018\/05\/14\/exposition-avec-le-groupe-pair-pro-arte-imaginis-realistes-au-luxembourg\/#breadcrumb","itemListElement":[{"@type":"ListItem","position":1,"name":"Accueil","item":"https:\/\/www.caumont.com\/"},{"@type":"ListItem","position":2,"name":"Exposition avec le Groupe PAIR (Pro Arte Imaginis R\u00e9alistes) au Luxembourg"}]},{"@type":"WebSite","@id":"https:\/\/www.caumont.com\/#website","url":"https:\/\/www.caumont.com\/","name":"Liliane Caumont","description":"Sculptor","publisher":{"@id":"https:\/\/www.caumont.com\/#organization"},"potentialAction":[{"@type":"SearchAction","target":{"@type":"EntryPoint","urlTemplate":"https:\/\/www.caumont.com\/?s={search_term_string}"},"query-input":"required name=search_term_string"}],"inLanguage":"fr-FR"},{"@type":"Organization","@id":"https:\/\/www.caumont.com\/#organization","name":"Liliane Caumont","url":"https:\/\/www.caumont.com\/","logo":{"@type":"ImageObject","inLanguage":"fr-FR","@id":"https:\/\/www.caumont.com\/#\/schema\/logo\/image\/","url":"https:\/\/www.caumont.com\/wp-content\/uploads\/2018\/03\/FAVlili.png","contentUrl":"https:\/\/www.caumont.com\/wp-content\/uploads\/2018\/03\/FAVlili.png","width":501,"height":512,"caption":"Liliane Caumont"},"image":{"@id":"https:\/\/www.caumont.com\/#\/schema\/logo\/image\/"},"sameAs":["https:\/\/www.facebook.com\/lilianecaumont","https:\/\/www.instagram.com\/lilianecaumont\/"]},{"@type":"Person","@id":"https:\/\/www.caumont.com\/#\/schema\/person\/864cfdc4e071d73c29fa86875dfa836c","name":"Liliane","image":{"@type":"ImageObject","inLanguage":"fr-FR","@id":"https:\/\/www.caumont.com\/#\/schema\/person\/image\/","url":"https:\/\/secure.gravatar.com\/avatar\/44f9865a1ef48c7fafac077e66fdbd20?s=96&d=mm&r=g","contentUrl":"https:\/\/secure.gravatar.com\/avatar\/44f9865a1ef48c7fafac077e66fdbd20?s=96&d=mm&r=g","caption":"Liliane"},"description":"1972 . Liliane Caumont quitte Paris pour Madrid, puissante source d'inspiration et d\u00e9but d'une carri\u00e8re de sculptrice qui lui fera parcourir le monde et conna\u00eetre de la simple galerie d'art au Grand Palais de Paris o\u00f9 elle sera invit\u00e9e d'honneur. Son art a \u00e9volu\u00e9 de l'abstrait vers le figuratif, aussi, de la terre vers le bronze ; \u00e0 travers elle, l'\u00e9vocation de la place, du statut de la femme dans le monde interpelle dans la mise en sc\u00e8ne de ses personnages.","sameAs":["http:\/\/www.caumont.com"],"url":"https:\/\/www.caumont.com\/index.php\/author\/liliane\/"}]}},"_links":{"self":[{"href":"https:\/\/www.caumont.com\/index.php\/wp-json\/wp\/v2\/posts\/661"}],"collection":[{"href":"https:\/\/www.caumont.com\/index.php\/wp-json\/wp\/v2\/posts"}],"about":[{"href":"https:\/\/www.caumont.com\/index.php\/wp-json\/wp\/v2\/types\/post"}],"author":[{"embeddable":true,"href":"https:\/\/www.caumont.com\/index.php\/wp-json\/wp\/v2\/users\/1"}],"replies":[{"embeddable":true,"href":"https:\/\/www.caumont.com\/index.php\/wp-json\/wp\/v2\/comments?post=661"}],"version-history":[{"count":0,"href":"https:\/\/www.caumont.com\/index.php\/wp-json\/wp\/v2\/posts\/661\/revisions"}],"wp:featuredmedia":[{"embeddable":true,"href":"https:\/\/www.caumont.com\/index.php\/wp-json\/wp\/v2\/media\/662"}],"wp:attachment":[{"href":"https:\/\/www.caumont.com\/index.php\/wp-json\/wp\/v2\/media?parent=661"}],"wp:term":[{"taxonomy":"category","embeddable":true,"href":"https:\/\/www.caumont.com\/index.php\/wp-json\/wp\/v2\/categories?post=661"},{"taxonomy":"post_tag","embeddable":true,"href":"https:\/\/www.caumont.com\/index.php\/wp-json\/wp\/v2\/tags?post=661"}],"curies":[{"name":"wp","href":"https:\/\/api.w.org\/{rel}","templated":true}]}}