{"id":1495,"date":"2021-09-27T13:44:41","date_gmt":"2021-09-27T11:44:41","guid":{"rendered":"https:\/\/www.caumont.com\/?p=1495"},"modified":"2021-09-27T13:44:41","modified_gmt":"2021-09-27T11:44:41","slug":"salon-de-taverny","status":"publish","type":"post","link":"https:\/\/www.caumont.com\/index.php\/2021\/09\/27\/salon-de-taverny\/","title":{"rendered":"Salon de Taverny"},"content":{"rendered":"<p>J&rsquo;expose au salon de peintures\/ sculptures desserrent du 25 septembre au 3 Octobre 2021<\/p>\n<p>Salle des f\u00eates de Taverny (Val d&rsquo;Oise) Place Charles de Gaulle.<\/p>\n<p>Ouvert tous les jours de 14h30 \u00e0 19h et le week end de 15h \u00e0 19h<\/p>\n<p>Je pr\u00e9sente un original en gr\u00e8s patin\u00e9 appartenant \u00e0 la collection \u00ab\u00a0Les t\u00eates occup\u00e9es\u00a0\u00bb lors du premier confinement: Les livres amis fid\u00e8les<\/p>\n","protected":false},"excerpt":{"rendered":"<p>J&rsquo;expose au salon de peintures\/ sculptures desserrent du 25 septembre au 3 Octobre 2021 Salle des f\u00eates de Taverny (Val d&rsquo;Oise) Place Charles de Gaulle. Ouvert tous les jours de 14h30 \u00e0 19h et le<br \/><a class=\"read-more\" href=\"https:\/\/www.caumont.com\/index.php\/2021\/09\/27\/salon-de-taverny\/\">Read More<\/a><\/p>\n","protected":false},"author":1,"featured_media":1050,"comment_status":"open","ping_status":"open","sticky":false,"template":"","format":"standard","meta":{"footnotes":""},"categories":[40],"tags":[],"yoast_head":"<!-- This site is optimized with the Yoast SEO plugin v21.7 - https:\/\/yoast.com\/wordpress\/plugins\/seo\/ -->\n<title>Salon de Taverny - Liliane Caumont<\/title>\n<meta name=\"robots\" content=\"index, follow, max-snippet:-1, max-image-preview:large, max-video-preview:-1\" \/>\n<link rel=\"canonical\" href=\"https:\/\/www.caumont.com\/index.php\/2021\/09\/27\/salon-de-taverny\/\" \/>\n<meta property=\"og:locale\" content=\"fr_FR\" \/>\n<meta property=\"og:type\" content=\"article\" \/>\n<meta property=\"og:title\" content=\"Salon de Taverny - Liliane Caumont\" \/>\n<meta property=\"og:description\" content=\"J&rsquo;expose au salon de peintures\/ sculptures desserrent du 25 septembre au 3 Octobre 2021 Salle des f\u00eates de Taverny (Val d&rsquo;Oise) Place Charles de Gaulle. Ouvert tous les jours de 14h30 \u00e0 19h et leRead More\" \/>\n<meta property=\"og:url\" content=\"https:\/\/www.caumont.com\/index.php\/2021\/09\/27\/salon-de-taverny\/\" \/>\n<meta property=\"og:site_name\" content=\"Liliane Caumont\" \/>\n<meta property=\"article:publisher\" content=\"https:\/\/www.facebook.com\/lilianecaumont\" \/>\n<meta property=\"article:published_time\" content=\"2021-09-27T11:44:41+00:00\" \/>\n<meta property=\"og:image\" content=\"https:\/\/www.caumont.com\/wp-content\/uploads\/2020\/05\/les-livres-amis-fideles2-1-scaled-e1620061111266.jpg\" \/>\n\t<meta property=\"og:image:width\" content=\"800\" \/>\n\t<meta property=\"og:image:height\" content=\"1200\" \/>\n\t<meta property=\"og:image:type\" content=\"image\/jpeg\" \/>\n<meta name=\"author\" content=\"Liliane\" \/>\n<meta name=\"twitter:card\" content=\"summary_large_image\" \/>\n<meta name=\"twitter:label1\" content=\"\u00c9crit par\" \/>\n\t<meta name=\"twitter:data1\" content=\"Liliane\" \/>\n<script type=\"application\/ld+json\" class=\"yoast-schema-graph\">{\"@context\":\"https:\/\/schema.org\",\"@graph\":[{\"@type\":\"Article\",\"@id\":\"https:\/\/www.caumont.com\/index.php\/2021\/09\/27\/salon-de-taverny\/#article\",\"isPartOf\":{\"@id\":\"https:\/\/www.caumont.com\/index.php\/2021\/09\/27\/salon-de-taverny\/\"},\"author\":{\"name\":\"Liliane\",\"@id\":\"https:\/\/www.caumont.com\/#\/schema\/person\/864cfdc4e071d73c29fa86875dfa836c\"},\"headline\":\"Salon de Taverny\",\"datePublished\":\"2021-09-27T11:44:41+00:00\",\"dateModified\":\"2021-09-27T11:44:41+00:00\",\"mainEntityOfPage\":{\"@id\":\"https:\/\/www.caumont.com\/index.php\/2021\/09\/27\/salon-de-taverny\/\"},\"wordCount\":66,\"commentCount\":0,\"publisher\":{\"@id\":\"https:\/\/www.caumont.com\/#organization\"},\"articleSection\":[\"expositions\"],\"inLanguage\":\"fr-FR\",\"potentialAction\":[{\"@type\":\"CommentAction\",\"name\":\"Comment\",\"target\":[\"https:\/\/www.caumont.com\/index.php\/2021\/09\/27\/salon-de-taverny\/#respond\"]}]},{\"@type\":\"WebPage\",\"@id\":\"https:\/\/www.caumont.com\/index.php\/2021\/09\/27\/salon-de-taverny\/\",\"url\":\"https:\/\/www.caumont.com\/index.php\/2021\/09\/27\/salon-de-taverny\/\",\"name\":\"Salon de Taverny - Liliane Caumont\",\"isPartOf\":{\"@id\":\"https:\/\/www.caumont.com\/#website\"},\"datePublished\":\"2021-09-27T11:44:41+00:00\",\"dateModified\":\"2021-09-27T11:44:41+00:00\",\"breadcrumb\":{\"@id\":\"https:\/\/www.caumont.com\/index.php\/2021\/09\/27\/salon-de-taverny\/#breadcrumb\"},\"inLanguage\":\"fr-FR\",\"potentialAction\":[{\"@type\":\"ReadAction\",\"target\":[\"https:\/\/www.caumont.com\/index.php\/2021\/09\/27\/salon-de-taverny\/\"]}]},{\"@type\":\"BreadcrumbList\",\"@id\":\"https:\/\/www.caumont.com\/index.php\/2021\/09\/27\/salon-de-taverny\/#breadcrumb\",\"itemListElement\":[{\"@type\":\"ListItem\",\"position\":1,\"name\":\"Accueil\",\"item\":\"https:\/\/www.caumont.com\/\"},{\"@type\":\"ListItem\",\"position\":2,\"name\":\"Salon de Taverny\"}]},{\"@type\":\"WebSite\",\"@id\":\"https:\/\/www.caumont.com\/#website\",\"url\":\"https:\/\/www.caumont.com\/\",\"name\":\"Liliane Caumont\",\"description\":\"Sculptor\",\"publisher\":{\"@id\":\"https:\/\/www.caumont.com\/#organization\"},\"potentialAction\":[{\"@type\":\"SearchAction\",\"target\":{\"@type\":\"EntryPoint\",\"urlTemplate\":\"https:\/\/www.caumont.com\/?s={search_term_string}\"},\"query-input\":\"required name=search_term_string\"}],\"inLanguage\":\"fr-FR\"},{\"@type\":\"Organization\",\"@id\":\"https:\/\/www.caumont.com\/#organization\",\"name\":\"Liliane Caumont\",\"url\":\"https:\/\/www.caumont.com\/\",\"logo\":{\"@type\":\"ImageObject\",\"inLanguage\":\"fr-FR\",\"@id\":\"https:\/\/www.caumont.com\/#\/schema\/logo\/image\/\",\"url\":\"https:\/\/www.caumont.com\/wp-content\/uploads\/2018\/03\/FAVlili.png\",\"contentUrl\":\"https:\/\/www.caumont.com\/wp-content\/uploads\/2018\/03\/FAVlili.png\",\"width\":501,\"height\":512,\"caption\":\"Liliane Caumont\"},\"image\":{\"@id\":\"https:\/\/www.caumont.com\/#\/schema\/logo\/image\/\"},\"sameAs\":[\"https:\/\/www.facebook.com\/lilianecaumont\",\"https:\/\/www.instagram.com\/lilianecaumont\/\"]},{\"@type\":\"Person\",\"@id\":\"https:\/\/www.caumont.com\/#\/schema\/person\/864cfdc4e071d73c29fa86875dfa836c\",\"name\":\"Liliane\",\"image\":{\"@type\":\"ImageObject\",\"inLanguage\":\"fr-FR\",\"@id\":\"https:\/\/www.caumont.com\/#\/schema\/person\/image\/\",\"url\":\"https:\/\/secure.gravatar.com\/avatar\/44f9865a1ef48c7fafac077e66fdbd20?s=96&d=mm&r=g\",\"contentUrl\":\"https:\/\/secure.gravatar.com\/avatar\/44f9865a1ef48c7fafac077e66fdbd20?s=96&d=mm&r=g\",\"caption\":\"Liliane\"},\"description\":\"1972 . Liliane Caumont quitte Paris pour Madrid, puissante source d'inspiration et d\u00e9but d'une carri\u00e8re de sculptrice qui lui fera parcourir le monde et conna\u00eetre de la simple galerie d'art au Grand Palais de Paris o\u00f9 elle sera invit\u00e9e d'honneur. Son art a \u00e9volu\u00e9 de l'abstrait vers le figuratif, aussi, de la terre vers le bronze ; \u00e0 travers elle, l'\u00e9vocation de la place, du statut de la femme dans le monde interpelle dans la mise en sc\u00e8ne de ses personnages.\",\"sameAs\":[\"http:\/\/www.caumont.com\"],\"url\":\"https:\/\/www.caumont.com\/index.php\/author\/liliane\/\"}]}<\/script>\n<!-- \/ Yoast SEO plugin. -->","yoast_head_json":{"title":"Salon de Taverny - Liliane Caumont","robots":{"index":"index","follow":"follow","max-snippet":"max-snippet:-1","max-image-preview":"max-image-preview:large","max-video-preview":"max-video-preview:-1"},"canonical":"https:\/\/www.caumont.com\/index.php\/2021\/09\/27\/salon-de-taverny\/","og_locale":"fr_FR","og_type":"article","og_title":"Salon de Taverny - Liliane Caumont","og_description":"J&rsquo;expose au salon de peintures\/ sculptures desserrent du 25 septembre au 3 Octobre 2021 Salle des f\u00eates de Taverny (Val d&rsquo;Oise) Place Charles de Gaulle. Ouvert tous les jours de 14h30 \u00e0 19h et leRead More","og_url":"https:\/\/www.caumont.com\/index.php\/2021\/09\/27\/salon-de-taverny\/","og_site_name":"Liliane Caumont","article_publisher":"https:\/\/www.facebook.com\/lilianecaumont","article_published_time":"2021-09-27T11:44:41+00:00","og_image":[{"width":800,"height":1200,"url":"https:\/\/www.caumont.com\/wp-content\/uploads\/2020\/05\/les-livres-amis-fideles2-1-scaled-e1620061111266.jpg","type":"image\/jpeg"}],"author":"Liliane","twitter_card":"summary_large_image","twitter_misc":{"\u00c9crit par":"Liliane"},"schema":{"@context":"https:\/\/schema.org","@graph":[{"@type":"Article","@id":"https:\/\/www.caumont.com\/index.php\/2021\/09\/27\/salon-de-taverny\/#article","isPartOf":{"@id":"https:\/\/www.caumont.com\/index.php\/2021\/09\/27\/salon-de-taverny\/"},"author":{"name":"Liliane","@id":"https:\/\/www.caumont.com\/#\/schema\/person\/864cfdc4e071d73c29fa86875dfa836c"},"headline":"Salon de Taverny","datePublished":"2021-09-27T11:44:41+00:00","dateModified":"2021-09-27T11:44:41+00:00","mainEntityOfPage":{"@id":"https:\/\/www.caumont.com\/index.php\/2021\/09\/27\/salon-de-taverny\/"},"wordCount":66,"commentCount":0,"publisher":{"@id":"https:\/\/www.caumont.com\/#organization"},"articleSection":["expositions"],"inLanguage":"fr-FR","potentialAction":[{"@type":"CommentAction","name":"Comment","target":["https:\/\/www.caumont.com\/index.php\/2021\/09\/27\/salon-de-taverny\/#respond"]}]},{"@type":"WebPage","@id":"https:\/\/www.caumont.com\/index.php\/2021\/09\/27\/salon-de-taverny\/","url":"https:\/\/www.caumont.com\/index.php\/2021\/09\/27\/salon-de-taverny\/","name":"Salon de Taverny - Liliane Caumont","isPartOf":{"@id":"https:\/\/www.caumont.com\/#website"},"datePublished":"2021-09-27T11:44:41+00:00","dateModified":"2021-09-27T11:44:41+00:00","breadcrumb":{"@id":"https:\/\/www.caumont.com\/index.php\/2021\/09\/27\/salon-de-taverny\/#breadcrumb"},"inLanguage":"fr-FR","potentialAction":[{"@type":"ReadAction","target":["https:\/\/www.caumont.com\/index.php\/2021\/09\/27\/salon-de-taverny\/"]}]},{"@type":"BreadcrumbList","@id":"https:\/\/www.caumont.com\/index.php\/2021\/09\/27\/salon-de-taverny\/#breadcrumb","itemListElement":[{"@type":"ListItem","position":1,"name":"Accueil","item":"https:\/\/www.caumont.com\/"},{"@type":"ListItem","position":2,"name":"Salon de Taverny"}]},{"@type":"WebSite","@id":"https:\/\/www.caumont.com\/#website","url":"https:\/\/www.caumont.com\/","name":"Liliane Caumont","description":"Sculptor","publisher":{"@id":"https:\/\/www.caumont.com\/#organization"},"potentialAction":[{"@type":"SearchAction","target":{"@type":"EntryPoint","urlTemplate":"https:\/\/www.caumont.com\/?s={search_term_string}"},"query-input":"required name=search_term_string"}],"inLanguage":"fr-FR"},{"@type":"Organization","@id":"https:\/\/www.caumont.com\/#organization","name":"Liliane Caumont","url":"https:\/\/www.caumont.com\/","logo":{"@type":"ImageObject","inLanguage":"fr-FR","@id":"https:\/\/www.caumont.com\/#\/schema\/logo\/image\/","url":"https:\/\/www.caumont.com\/wp-content\/uploads\/2018\/03\/FAVlili.png","contentUrl":"https:\/\/www.caumont.com\/wp-content\/uploads\/2018\/03\/FAVlili.png","width":501,"height":512,"caption":"Liliane Caumont"},"image":{"@id":"https:\/\/www.caumont.com\/#\/schema\/logo\/image\/"},"sameAs":["https:\/\/www.facebook.com\/lilianecaumont","https:\/\/www.instagram.com\/lilianecaumont\/"]},{"@type":"Person","@id":"https:\/\/www.caumont.com\/#\/schema\/person\/864cfdc4e071d73c29fa86875dfa836c","name":"Liliane","image":{"@type":"ImageObject","inLanguage":"fr-FR","@id":"https:\/\/www.caumont.com\/#\/schema\/person\/image\/","url":"https:\/\/secure.gravatar.com\/avatar\/44f9865a1ef48c7fafac077e66fdbd20?s=96&d=mm&r=g","contentUrl":"https:\/\/secure.gravatar.com\/avatar\/44f9865a1ef48c7fafac077e66fdbd20?s=96&d=mm&r=g","caption":"Liliane"},"description":"1972 . Liliane Caumont quitte Paris pour Madrid, puissante source d'inspiration et d\u00e9but d'une carri\u00e8re de sculptrice qui lui fera parcourir le monde et conna\u00eetre de la simple galerie d'art au Grand Palais de Paris o\u00f9 elle sera invit\u00e9e d'honneur. Son art a \u00e9volu\u00e9 de l'abstrait vers le figuratif, aussi, de la terre vers le bronze ; \u00e0 travers elle, l'\u00e9vocation de la place, du statut de la femme dans le monde interpelle dans la mise en sc\u00e8ne de ses personnages.","sameAs":["http:\/\/www.caumont.com"],"url":"https:\/\/www.caumont.com\/index.php\/author\/liliane\/"}]}},"_links":{"self":[{"href":"https:\/\/www.caumont.com\/index.php\/wp-json\/wp\/v2\/posts\/1495"}],"collection":[{"href":"https:\/\/www.caumont.com\/index.php\/wp-json\/wp\/v2\/posts"}],"about":[{"href":"https:\/\/www.caumont.com\/index.php\/wp-json\/wp\/v2\/types\/post"}],"author":[{"embeddable":true,"href":"https:\/\/www.caumont.com\/index.php\/wp-json\/wp\/v2\/users\/1"}],"replies":[{"embeddable":true,"href":"https:\/\/www.caumont.com\/index.php\/wp-json\/wp\/v2\/comments?post=1495"}],"version-history":[{"count":1,"href":"https:\/\/www.caumont.com\/index.php\/wp-json\/wp\/v2\/posts\/1495\/revisions"}],"predecessor-version":[{"id":1496,"href":"https:\/\/www.caumont.com\/index.php\/wp-json\/wp\/v2\/posts\/1495\/revisions\/1496"}],"wp:featuredmedia":[{"embeddable":true,"href":"https:\/\/www.caumont.com\/index.php\/wp-json\/wp\/v2\/media\/1050"}],"wp:attachment":[{"href":"https:\/\/www.caumont.com\/index.php\/wp-json\/wp\/v2\/media?parent=1495"}],"wp:term":[{"taxonomy":"category","embeddable":true,"href":"https:\/\/www.caumont.com\/index.php\/wp-json\/wp\/v2\/categories?post=1495"},{"taxonomy":"post_tag","embeddable":true,"href":"https:\/\/www.caumont.com\/index.php\/wp-json\/wp\/v2\/tags?post=1495"}],"curies":[{"name":"wp","href":"https:\/\/api.w.org\/{rel}","templated":true}]}}